{"id":5817,"date":"2026-04-07T05:02:19","date_gmt":"2026-04-07T05:02:19","guid":{"rendered":"https:\/\/pp8.kluczbork.pl\/?p=5817"},"modified":"2026-04-07T05:02:19","modified_gmt":"2026-04-07T05:02:19","slug":"portugalia-kraj-oceanu-i-odkrywcow","status":"publish","type":"post","link":"https:\/\/pp8.kluczbork.pl\/?p=5817","title":{"rendered":"Portugalia \u2013 kraj oceanu i odkrywc\u00f3w"},"content":{"rendered":"<p style=\"text-align: center;\" data-start=\"216\" data-end=\"564\"><span style=\"font-family: 'comic sans ms', sans-serif; font-size: 18pt;\">Podczas kolejnych zaj\u0119\u0107 w ramach Klubu Europejskiego dzieci odwiedzi\u0142y <strong data-start=\"287\" data-end=\"301\">Portugali\u0119<\/strong> \u2013 kraj po\u0142o\u017cony nad oceanem, znany z morskich podr\u00f3\u017cy i odkrywc\u00f3w. Przedszkolaki odnalaz\u0142y Portugali\u0119 na mapie Europy, pozna\u0142y jej flag\u0119 oraz stolic\u0119 \u2013 Lizbon\u0119. Dowiedzia\u0142y si\u0119, \u017ce dawniej Portugalczycy wyruszali w dalekie podr\u00f3\u017ce statkami, odkrywaj\u0105c nowe l\u0105dy.<\/span><\/p>\n<p style=\"text-align: center;\" data-start=\"566\" data-end=\"892\"><span style=\"font-family: 'comic sans ms', sans-serif; font-size: 18pt;\">Du\u017cym zainteresowaniem cieszy\u0142a si\u0119 zabawa ruchowa \u201eP\u0142yniemy statkiem\u201d, podczas kt\u00f3rej dzieci na\u015bladowa\u0142y ko\u0142ysz\u0105cy si\u0119 na falach statek. Przedszkolaki pozna\u0142y tak\u017ce symbol Portugalii \u2013 koguta z Barcelos, kt\u00f3ry przynosi szcz\u0119\u015bcie. Na zako\u0144czenie dzieci wykona\u0142y kolorow\u0105 prac\u0119 plastyczn\u0105 przedstawiaj\u0105c\u0105 portugalskiego koguta.<\/span><\/p>\n<p style=\"text-align: center;\" data-start=\"894\" data-end=\"953\"><span style=\"font-family: 'comic sans ms', sans-serif; font-size: 18pt;\">Zaj\u0119cia by\u0142y pe\u0142ne rado\u015bci i nowych europejskich odkry\u0107 \ud83c\udf0a\u2728<br \/>\n<img loading=\"lazy\" decoding=\"async\" class=\"alignnone  wp-image-5818\" src=\"https:\/\/pp8.kluczbork.pl\/wp-content\/uploads\/2026\/04\/ff422d70-17b8-4eab-bda5-b7fcfbe5ad63-300x169.jpg\" alt=\"\" width=\"483\" height=\"272\" srcset=\"https:\/\/pp8.kluczbork.pl\/wp-content\/uploads\/2026\/04\/ff422d70-17b8-4eab-bda5-b7fcfbe5ad63-300x169.jpg 300w, https:\/\/pp8.kluczbork.pl\/wp-content\/uploads\/2026\/04\/ff422d70-17b8-4eab-bda5-b7fcfbe5ad63-1024x576.jpg 1024w, https:\/\/pp8.kluczbork.pl\/wp-content\/uploads\/2026\/04\/ff422d70-17b8-4eab-bda5-b7fcfbe5ad63-768x432.jpg 768w, https:\/\/pp8.kluczbork.pl\/wp-content\/uploads\/2026\/04\/ff422d70-17b8-4eab-bda5-b7fcfbe5ad63-1536x864.jpg 1536w, https:\/\/pp8.kluczbork.pl\/wp-content\/uploads\/2026\/04\/ff422d70-17b8-4eab-bda5-b7fcfbe5ad63.jpg 2048w\" sizes=\"(max-width: 483px) 100vw, 483px\" \/> <img loading=\"lazy\" decoding=\"async\" class=\"alignnone  wp-image-5820\" src=\"https:\/\/pp8.kluczbork.pl\/wp-content\/uploads\/2026\/04\/def4a78f-16d2-4558-bba5-41aa848124d4-169x300.jpg\" alt=\"\" width=\"184\" height=\"326\" srcset=\"https:\/\/pp8.kluczbork.pl\/wp-content\/uploads\/2026\/04\/def4a78f-16d2-4558-bba5-41aa848124d4-169x300.jpg 169w, https:\/\/pp8.kluczbork.pl\/wp-content\/uploads\/2026\/04\/def4a78f-16d2-4558-bba5-41aa848124d4-576x1024.jpg 576w, https:\/\/pp8.kluczbork.pl\/wp-content\/uploads\/2026\/04\/def4a78f-16d2-4558-bba5-41aa848124d4-768x1365.jpg 768w, https:\/\/pp8.kluczbork.pl\/wp-content\/uploads\/2026\/04\/def4a78f-16d2-4558-bba5-41aa848124d4-864x1536.jpg 864w, https:\/\/pp8.kluczbork.pl\/wp-content\/uploads\/2026\/04\/def4a78f-16d2-4558-bba5-41aa848124d4.jpg 1152w\" sizes=\"(max-width: 184px) 100vw, 184px\" \/> <img loading=\"lazy\" decoding=\"async\" class=\"alignnone  wp-image-5821\" src=\"https:\/\/pp8.kluczbork.pl\/wp-content\/uploads\/2026\/04\/798cfffb-49f8-48da-8268-14fc3c7e178b-169x300.jpg\" alt=\"\" width=\"186\" height=\"330\" srcset=\"https:\/\/pp8.kluczbork.pl\/wp-content\/uploads\/2026\/04\/798cfffb-49f8-48da-8268-14fc3c7e178b-169x300.jpg 169w, https:\/\/pp8.kluczbork.pl\/wp-content\/uploads\/2026\/04\/798cfffb-49f8-48da-8268-14fc3c7e178b-576x1024.jpg 576w, https:\/\/pp8.kluczbork.pl\/wp-content\/uploads\/2026\/04\/798cfffb-49f8-48da-8268-14fc3c7e178b-768x1365.jpg 768w, https:\/\/pp8.kluczbork.pl\/wp-content\/uploads\/2026\/04\/798cfffb-49f8-48da-8268-14fc3c7e178b-864x1536.jpg 864w, https:\/\/pp8.kluczbork.pl\/wp-content\/uploads\/2026\/04\/798cfffb-49f8-48da-8268-14fc3c7e178b.jpg 1152w\" sizes=\"(max-width: 186px) 100vw, 186px\" \/><br \/>\n<\/span><\/p>\n","protected":false},"excerpt":{"rendered":"<p>Podczas kolejnych zaj\u0119\u0107 w ramach Klubu Europejskiego dzieci odwiedzi\u0142y Portugali\u0119 \u2013 kraj po\u0142o\u017cony nad oceanem, znany z morskich podr\u00f3\u017cy i odkrywc\u00f3w. Przedszkolaki odnalaz\u0142y Portugali\u0119 na mapie Europy, pozna\u0142y jej flag\u0119 oraz stolic\u0119 \u2013 Lizbon\u0119. Dowiedzia\u0142y si\u0119, \u017ce dawniej Portugalczycy wyruszali w dalekie podr\u00f3\u017ce statkami, odkrywaj\u0105c nowe l\u0105dy. Du\u017cym zainteresowaniem cieszy\u0142a [&hellip;]<\/p>\n","protected":false},"author":15,"featured_media":5484,"comment_status":"open","ping_status":"open","sticky":false,"template":"","format":"standard","meta":{"ngg_post_thumbnail":0,"footnotes":""},"categories":[286],"tags":[],"_links":{"self":[{"href":"https:\/\/pp8.kluczbork.pl\/index.php?rest_route=\/wp\/v2\/posts\/5817"}],"collection":[{"href":"https:\/\/pp8.kluczbork.pl\/index.php?rest_route=\/wp\/v2\/posts"}],"about":[{"href":"https:\/\/pp8.kluczbork.pl\/index.php?rest_route=\/wp\/v2\/types\/post"}],"author":[{"embeddable":true,"href":"https:\/\/pp8.kluczbork.pl\/index.php?rest_route=\/wp\/v2\/users\/15"}],"replies":[{"embeddable":true,"href":"https:\/\/pp8.kluczbork.pl\/index.php?rest_route=%2Fwp%2Fv2%2Fcomments&post=5817"}],"version-history":[{"count":1,"href":"https:\/\/pp8.kluczbork.pl\/index.php?rest_route=\/wp\/v2\/posts\/5817\/revisions"}],"predecessor-version":[{"id":5822,"href":"https:\/\/pp8.kluczbork.pl\/index.php?rest_route=\/wp\/v2\/posts\/5817\/revisions\/5822"}],"wp:featuredmedia":[{"embeddable":true,"href":"https:\/\/pp8.kluczbork.pl\/index.php?rest_route=\/wp\/v2\/media\/5484"}],"wp:attachment":[{"href":"https:\/\/pp8.kluczbork.pl\/index.php?rest_route=%2Fwp%2Fv2%2Fmedia&parent=5817"}],"wp:term":[{"taxonomy":"category","embeddable":true,"href":"https:\/\/pp8.kluczbork.pl\/index.php?rest_route=%2Fwp%2Fv2%2Fcategories&post=5817"},{"taxonomy":"post_tag","embeddable":true,"href":"https:\/\/pp8.kluczbork.pl\/index.php?rest_route=%2Fwp%2Fv2%2Ftags&post=5817"}],"curies":[{"name":"wp","href":"https:\/\/api.w.org\/{rel}","templated":true}]}}