{"id":5796,"date":"2026-03-10T16:59:51","date_gmt":"2026-03-10T16:59:51","guid":{"rendered":"https:\/\/pp8.kluczbork.pl\/?p=5796"},"modified":"2026-03-10T16:59:51","modified_gmt":"2026-03-10T16:59:51","slug":"konkurs-na-dyrektora","status":"publish","type":"post","link":"https:\/\/pp8.kluczbork.pl\/?p=5796","title":{"rendered":"Konkurs na Dyrektora"},"content":{"rendered":"<p class=\"isSelectedEnd\"><span style=\"color: #993366;\"><strong>W zwi\u0105zku z Zarz\u0105dzeniem Nr BR.0050.36.2026 Burmistrza Miasta Kluczborka <\/strong><\/span><br \/>\n<span style=\"color: #993366;\"><strong>z dnia 9 marca 2026 r<\/strong><\/span>. w sprawie og\u0142oszenia konkurs\u00f3w<br \/>\nna stanowiska dyrektor\u00f3w jednostek o\u015bwiatowych,<br \/>\ndla kt\u00f3rych organem prowadz\u0105cym jest Gmina Kluczbork,<br \/>\nzamieszczamy og\u0142oszenia o konkursie na stanowisko dyrektora n\/w plac\u00f3wek.<\/p>\n<p class=\"isSelectedEnd\"><span style=\"color: #3366ff;\"><strong>Konkursy zosta\u0142y og\u0142oszone na stanowiska dyrektor\u00f3w nast\u0119puj\u0105cych jednostek o\u015bwiatowych:<\/strong><\/span><\/p>\n<p class=\"isSelectedEnd\"><span style=\"color: #008000;\"><strong>\u2013 Publicznej Szko\u0142y Podstawowej Nr 5 z Oddzia\u0142ami Integracyjnymi im. Emilii Plater w Kluczborku,<\/strong><\/span><br \/>\n<span style=\"color: #008000;\"><strong>\u2013 Publicznej Szko\u0142y Podstawowej z Oddzia\u0142ami Przedszkolnymi im. B\u0142. Jana Paw\u0142a II w Kuniowie,<\/strong><\/span><br \/>\n<span style=\"color: #008000;\"><strong>\u2013 Publicznego Przedszkola Nr 2 z Oddzia\u0142ami Integracyjnymi im. Czes\u0142awa Janczarskiego w Kluczborku,<\/strong><\/span><br \/>\n<span style=\"color: #008000;\"><strong>\u2013 Publicznego Przedszkola Nr 8 im. Kubusia Puchatka w Kluczborku z Oddzia\u0142ami Zamiejscowymi w Ligocie G\u00f3rnej i Smardach G\u00f3rnych.<\/strong><\/span><\/p>\n<p><a href=\"https:\/\/pp8.kluczbork.pl\/wp-content\/uploads\/2026\/03\/Zarzadzenie-i-ogloszenie-konkursow-na-dyrektorow.pdf\">Zarz\u0105dzenie i og\u0142oszenie konkurs\u00f3w na dyrektor\u00f3w<\/a><\/p>\n<p>&nbsp;<\/p>\n","protected":false},"excerpt":{"rendered":"<p>W zwi\u0105zku z Zarz\u0105dzeniem Nr BR.0050.36.2026 Burmistrza Miasta Kluczborka z dnia 9 marca 2026 r. w sprawie og\u0142oszenia konkurs\u00f3w na stanowiska dyrektor\u00f3w jednostek o\u015bwiatowych, dla kt\u00f3rych organem prowadz\u0105cym jest Gmina Kluczbork, zamieszczamy og\u0142oszenia o konkursie na stanowisko dyrektora n\/w plac\u00f3wek. Konkursy zosta\u0142y og\u0142oszone na stanowiska dyrektor\u00f3w nast\u0119puj\u0105cych jednostek o\u015bwiatowych: \u2013 [&hellip;]<\/p>\n","protected":false},"author":16,"featured_media":0,"comment_status":"open","ping_status":"open","sticky":false,"template":"","format":"standard","meta":{"ngg_post_thumbnail":0,"footnotes":""},"categories":[1],"tags":[],"_links":{"self":[{"href":"https:\/\/pp8.kluczbork.pl\/index.php?rest_route=\/wp\/v2\/posts\/5796"}],"collection":[{"href":"https:\/\/pp8.kluczbork.pl\/index.php?rest_route=\/wp\/v2\/posts"}],"about":[{"href":"https:\/\/pp8.kluczbork.pl\/index.php?rest_route=\/wp\/v2\/types\/post"}],"author":[{"embeddable":true,"href":"https:\/\/pp8.kluczbork.pl\/index.php?rest_route=\/wp\/v2\/users\/16"}],"replies":[{"embeddable":true,"href":"https:\/\/pp8.kluczbork.pl\/index.php?rest_route=%2Fwp%2Fv2%2Fcomments&post=5796"}],"version-history":[{"count":1,"href":"https:\/\/pp8.kluczbork.pl\/index.php?rest_route=\/wp\/v2\/posts\/5796\/revisions"}],"predecessor-version":[{"id":5798,"href":"https:\/\/pp8.kluczbork.pl\/index.php?rest_route=\/wp\/v2\/posts\/5796\/revisions\/5798"}],"wp:attachment":[{"href":"https:\/\/pp8.kluczbork.pl\/index.php?rest_route=%2Fwp%2Fv2%2Fmedia&parent=5796"}],"wp:term":[{"taxonomy":"category","embeddable":true,"href":"https:\/\/pp8.kluczbork.pl\/index.php?rest_route=%2Fwp%2Fv2%2Fcategories&post=5796"},{"taxonomy":"post_tag","embeddable":true,"href":"https:\/\/pp8.kluczbork.pl\/index.php?rest_route=%2Fwp%2Fv2%2Ftags&post=5796"}],"curies":[{"name":"wp","href":"https:\/\/api.w.org\/{rel}","templated":true}]}}