{"id":5772,"date":"2026-02-22T15:27:36","date_gmt":"2026-02-22T15:27:36","guid":{"rendered":"https:\/\/pp8.kluczbork.pl\/?p=5772"},"modified":"2026-02-22T15:27:36","modified_gmt":"2026-02-22T15:27:36","slug":"dania-kraina-klockow-lego-i-basni-andersena","status":"publish","type":"post","link":"https:\/\/pp8.kluczbork.pl\/?p=5772","title":{"rendered":"Dania \u2013 kraina klock\u00f3w LEGO i ba\u015bni Andersena"},"content":{"rendered":"<p style=\"text-align: center;\" data-start=\"189\" data-end=\"499\"><span style=\"font-family: 'comic sans ms', sans-serif; font-size: 18pt;\">16 lutego w ramach Klubu Europejskiego dzieci odwiedzi\u0142y <strong data-start=\"236\" data-end=\"245\">Dani\u0119<\/strong> \u2013 kraj po\u0142o\u017cony nad morzem, znany na ca\u0142ym \u015bwiecie z klock\u00f3w LEGO oraz pi\u0119knych ba\u015bni. Przedszkolaki odnalaz\u0142y Dani\u0119 na mapie Europy, pozna\u0142y jej flag\u0119 oraz stolic\u0119 \u2013 Kopenhag\u0119. Dowiedzia\u0142y si\u0119 r\u00f3wnie\u017c, \u017ce symbolem tego miasta jest pomnik Ma\u0142ej Syrenki.<\/span><\/p>\n<p style=\"text-align: center;\" data-start=\"501\" data-end=\"806\"><span style=\"font-family: 'comic sans ms', sans-serif; font-size: 18pt;\">Podczas zaj\u0119\u0107 dzieci wys\u0142ucha\u0142y fragment\u00f3w ba\u015bni Hansa Christiana Andersena, takich jak \u201eMa\u0142a Syrenka\u201d i \u201eBrzydkie kacz\u0105tko\u201d. Nie zabrak\u0142o zabaw ruchowych oraz budowania z klock\u00f3w, kt\u00f3re sprawi\u0142o przedszkolakom wiele rado\u015bci.&nbsp;<\/span><\/p>\n<p style=\"text-align: center;\" data-start=\"808\" data-end=\"882\"><span style=\"font-family: 'comic sans ms', sans-serif; font-size: 18pt;\">Zaj\u0119cia by\u0142y pe\u0142ne kreatywno\u015bci, u\u015bmiechu i nowych europejskich odkry\u0107 \ud83c\udf0d\u2728<\/span><\/p>\n<p style=\"text-align: center;\" data-start=\"808\" data-end=\"882\"><img loading=\"lazy\" decoding=\"async\" class=\"alignnone  wp-image-5770\" src=\"https:\/\/pp8.kluczbork.pl\/wp-content\/uploads\/2026\/02\/b5fd9061-4e90-4ac8-b367-a523e15c7586-169x300.jpg\" alt=\"\" width=\"223\" height=\"396\" srcset=\"https:\/\/pp8.kluczbork.pl\/wp-content\/uploads\/2026\/02\/b5fd9061-4e90-4ac8-b367-a523e15c7586-169x300.jpg 169w, https:\/\/pp8.kluczbork.pl\/wp-content\/uploads\/2026\/02\/b5fd9061-4e90-4ac8-b367-a523e15c7586-576x1024.jpg 576w, https:\/\/pp8.kluczbork.pl\/wp-content\/uploads\/2026\/02\/b5fd9061-4e90-4ac8-b367-a523e15c7586-768x1365.jpg 768w, https:\/\/pp8.kluczbork.pl\/wp-content\/uploads\/2026\/02\/b5fd9061-4e90-4ac8-b367-a523e15c7586-864x1536.jpg 864w, https:\/\/pp8.kluczbork.pl\/wp-content\/uploads\/2026\/02\/b5fd9061-4e90-4ac8-b367-a523e15c7586.jpg 1152w\" sizes=\"(max-width: 223px) 100vw, 223px\" \/> <img loading=\"lazy\" decoding=\"async\" class=\"alignnone  wp-image-5769\" src=\"https:\/\/pp8.kluczbork.pl\/wp-content\/uploads\/2026\/02\/9c54a6e0-c8fa-4939-8fde-a63f4836e655-169x300.jpg\" alt=\"\" width=\"223\" height=\"396\" srcset=\"https:\/\/pp8.kluczbork.pl\/wp-content\/uploads\/2026\/02\/9c54a6e0-c8fa-4939-8fde-a63f4836e655-169x300.jpg 169w, https:\/\/pp8.kluczbork.pl\/wp-content\/uploads\/2026\/02\/9c54a6e0-c8fa-4939-8fde-a63f4836e655-576x1024.jpg 576w, https:\/\/pp8.kluczbork.pl\/wp-content\/uploads\/2026\/02\/9c54a6e0-c8fa-4939-8fde-a63f4836e655-768x1365.jpg 768w, https:\/\/pp8.kluczbork.pl\/wp-content\/uploads\/2026\/02\/9c54a6e0-c8fa-4939-8fde-a63f4836e655-864x1536.jpg 864w, https:\/\/pp8.kluczbork.pl\/wp-content\/uploads\/2026\/02\/9c54a6e0-c8fa-4939-8fde-a63f4836e655.jpg 1152w\" sizes=\"(max-width: 223px) 100vw, 223px\" \/> <img loading=\"lazy\" decoding=\"async\" class=\"alignnone  wp-image-5768\" src=\"https:\/\/pp8.kluczbork.pl\/wp-content\/uploads\/2026\/02\/410577fb-0e0b-4b86-a3c8-64c4ffa09e54-169x300.jpg\" alt=\"\" width=\"223\" height=\"396\" srcset=\"https:\/\/pp8.kluczbork.pl\/wp-content\/uploads\/2026\/02\/410577fb-0e0b-4b86-a3c8-64c4ffa09e54-169x300.jpg 169w, https:\/\/pp8.kluczbork.pl\/wp-content\/uploads\/2026\/02\/410577fb-0e0b-4b86-a3c8-64c4ffa09e54-576x1024.jpg 576w, https:\/\/pp8.kluczbork.pl\/wp-content\/uploads\/2026\/02\/410577fb-0e0b-4b86-a3c8-64c4ffa09e54-768x1365.jpg 768w, https:\/\/pp8.kluczbork.pl\/wp-content\/uploads\/2026\/02\/410577fb-0e0b-4b86-a3c8-64c4ffa09e54-864x1536.jpg 864w, https:\/\/pp8.kluczbork.pl\/wp-content\/uploads\/2026\/02\/410577fb-0e0b-4b86-a3c8-64c4ffa09e54.jpg 1152w\" sizes=\"(max-width: 223px) 100vw, 223px\" \/> <img loading=\"lazy\" decoding=\"async\" class=\"alignnone  wp-image-5767\" src=\"https:\/\/pp8.kluczbork.pl\/wp-content\/uploads\/2026\/02\/894f4f9d-8d85-40c9-a40f-8b36df873796-169x300.jpg\" alt=\"\" width=\"223\" height=\"396\" srcset=\"https:\/\/pp8.kluczbork.pl\/wp-content\/uploads\/2026\/02\/894f4f9d-8d85-40c9-a40f-8b36df873796-169x300.jpg 169w, https:\/\/pp8.kluczbork.pl\/wp-content\/uploads\/2026\/02\/894f4f9d-8d85-40c9-a40f-8b36df873796-576x1024.jpg 576w, https:\/\/pp8.kluczbork.pl\/wp-content\/uploads\/2026\/02\/894f4f9d-8d85-40c9-a40f-8b36df873796-768x1365.jpg 768w, https:\/\/pp8.kluczbork.pl\/wp-content\/uploads\/2026\/02\/894f4f9d-8d85-40c9-a40f-8b36df873796-864x1536.jpg 864w, https:\/\/pp8.kluczbork.pl\/wp-content\/uploads\/2026\/02\/894f4f9d-8d85-40c9-a40f-8b36df873796.jpg 1152w\" sizes=\"(max-width: 223px) 100vw, 223px\" \/><\/p>\n","protected":false},"excerpt":{"rendered":"<p>16 lutego w ramach Klubu Europejskiego dzieci odwiedzi\u0142y Dani\u0119 \u2013 kraj po\u0142o\u017cony nad morzem, znany na ca\u0142ym \u015bwiecie z klock\u00f3w LEGO oraz pi\u0119knych ba\u015bni. Przedszkolaki odnalaz\u0142y Dani\u0119 na mapie Europy, pozna\u0142y jej flag\u0119 oraz stolic\u0119 \u2013 Kopenhag\u0119. Dowiedzia\u0142y si\u0119 r\u00f3wnie\u017c, \u017ce symbolem tego miasta jest pomnik Ma\u0142ej Syrenki. Podczas zaj\u0119\u0107 [&hellip;]<\/p>\n","protected":false},"author":15,"featured_media":5417,"comment_status":"open","ping_status":"open","sticky":false,"template":"","format":"standard","meta":{"ngg_post_thumbnail":0,"footnotes":""},"categories":[286],"tags":[],"_links":{"self":[{"href":"https:\/\/pp8.kluczbork.pl\/index.php?rest_route=\/wp\/v2\/posts\/5772"}],"collection":[{"href":"https:\/\/pp8.kluczbork.pl\/index.php?rest_route=\/wp\/v2\/posts"}],"about":[{"href":"https:\/\/pp8.kluczbork.pl\/index.php?rest_route=\/wp\/v2\/types\/post"}],"author":[{"embeddable":true,"href":"https:\/\/pp8.kluczbork.pl\/index.php?rest_route=\/wp\/v2\/users\/15"}],"replies":[{"embeddable":true,"href":"https:\/\/pp8.kluczbork.pl\/index.php?rest_route=%2Fwp%2Fv2%2Fcomments&post=5772"}],"version-history":[{"count":1,"href":"https:\/\/pp8.kluczbork.pl\/index.php?rest_route=\/wp\/v2\/posts\/5772\/revisions"}],"predecessor-version":[{"id":5773,"href":"https:\/\/pp8.kluczbork.pl\/index.php?rest_route=\/wp\/v2\/posts\/5772\/revisions\/5773"}],"wp:featuredmedia":[{"embeddable":true,"href":"https:\/\/pp8.kluczbork.pl\/index.php?rest_route=\/wp\/v2\/media\/5417"}],"wp:attachment":[{"href":"https:\/\/pp8.kluczbork.pl\/index.php?rest_route=%2Fwp%2Fv2%2Fmedia&parent=5772"}],"wp:term":[{"taxonomy":"category","embeddable":true,"href":"https:\/\/pp8.kluczbork.pl\/index.php?rest_route=%2Fwp%2Fv2%2Fcategories&post=5772"},{"taxonomy":"post_tag","embeddable":true,"href":"https:\/\/pp8.kluczbork.pl\/index.php?rest_route=%2Fwp%2Fv2%2Ftags&post=5772"}],"curies":[{"name":"wp","href":"https:\/\/api.w.org\/{rel}","templated":true}]}}