{"id":5762,"date":"2026-02-22T15:24:26","date_gmt":"2026-02-22T15:24:26","guid":{"rendered":"https:\/\/pp8.kluczbork.pl\/?p=5762"},"modified":"2026-02-22T15:24:26","modified_gmt":"2026-02-22T15:24:26","slug":"francja-kraj-wiezy-eiffla-i-bajek","status":"publish","type":"post","link":"https:\/\/pp8.kluczbork.pl\/?p=5762","title":{"rendered":"Francja \u2013 kraj Wie\u017cy Eiffla i bajek"},"content":{"rendered":"<p style=\"text-align: center;\" data-start=\"178\" data-end=\"484\"><span style=\"font-family: 'comic sans ms', sans-serif; font-size: 18pt; color: #000000;\">Podczas kolejnych zaj\u0119\u0107 w ramach Klubu Europejskiego dzieci odwiedzi\u0142y <strong data-start=\"249\" data-end=\"260\">Francj\u0119<\/strong> \u2013 kraj znany z pi\u0119knych zabytk\u00f3w i niezwyk\u0142ych bajek. Przedszkolaki odnalaz\u0142y Francj\u0119 na mapie Europy, pozna\u0142y jej flag\u0119 oraz stolic\u0119 \u2013 Pary\u017c. Dowiedzia\u0142y si\u0119, gdzie znajduje si\u0119 s\u0142ynna <strong data-start=\"447\" data-end=\"463\">Wie\u017ca Eiffla<\/strong> oraz czym jest Luwr.<\/span><\/p>\n<p style=\"text-align: center;\" data-start=\"486\" data-end=\"833\"><span style=\"font-family: 'comic sans ms', sans-serif; font-size: 18pt; color: #000000;\">Du\u017cym zainteresowaniem cieszy\u0142o si\u0119 spotkanie z bohaterami znanych francuskich bajek, takich jak <strong data-start=\"583\" data-end=\"601\">\u201eKot w butach\u201d<\/strong> oraz <strong data-start=\"607\" data-end=\"628\">\u201ePi\u0119kna i Bestia\u201d<\/strong>. Dzieci uczestniczy\u0142y w zabawie ruchowej \u201eSpacer po Pary\u017cu\u201d. Zaj\u0119cia by\u0142y pe\u0142ne rado\u015bci, kreatywno\u015bci i nowych europejskich odkry\u0107.<\/span><\/p>\n<p style=\"text-align: center;\" data-start=\"486\" data-end=\"833\"><img loading=\"lazy\" decoding=\"async\" class=\"alignnone  wp-image-5765\" src=\"https:\/\/pp8.kluczbork.pl\/wp-content\/uploads\/2026\/02\/6202f42d-2ba8-426b-8054-d75103a5bddc-169x300.jpg\" alt=\"\" width=\"245\" height=\"435\" srcset=\"https:\/\/pp8.kluczbork.pl\/wp-content\/uploads\/2026\/02\/6202f42d-2ba8-426b-8054-d75103a5bddc-169x300.jpg 169w, https:\/\/pp8.kluczbork.pl\/wp-content\/uploads\/2026\/02\/6202f42d-2ba8-426b-8054-d75103a5bddc-576x1024.jpg 576w, https:\/\/pp8.kluczbork.pl\/wp-content\/uploads\/2026\/02\/6202f42d-2ba8-426b-8054-d75103a5bddc-768x1365.jpg 768w, https:\/\/pp8.kluczbork.pl\/wp-content\/uploads\/2026\/02\/6202f42d-2ba8-426b-8054-d75103a5bddc-864x1536.jpg 864w, https:\/\/pp8.kluczbork.pl\/wp-content\/uploads\/2026\/02\/6202f42d-2ba8-426b-8054-d75103a5bddc.jpg 1152w\" sizes=\"(max-width: 245px) 100vw, 245px\" \/> <img loading=\"lazy\" decoding=\"async\" class=\"alignnone  wp-image-5766\" src=\"https:\/\/pp8.kluczbork.pl\/wp-content\/uploads\/2026\/02\/0047a632-416e-423f-a1a1-d56a95913260-169x300.jpg\" alt=\"\" width=\"246\" height=\"437\" srcset=\"https:\/\/pp8.kluczbork.pl\/wp-content\/uploads\/2026\/02\/0047a632-416e-423f-a1a1-d56a95913260-169x300.jpg 169w, https:\/\/pp8.kluczbork.pl\/wp-content\/uploads\/2026\/02\/0047a632-416e-423f-a1a1-d56a95913260-576x1024.jpg 576w, https:\/\/pp8.kluczbork.pl\/wp-content\/uploads\/2026\/02\/0047a632-416e-423f-a1a1-d56a95913260-768x1365.jpg 768w, https:\/\/pp8.kluczbork.pl\/wp-content\/uploads\/2026\/02\/0047a632-416e-423f-a1a1-d56a95913260-864x1536.jpg 864w, https:\/\/pp8.kluczbork.pl\/wp-content\/uploads\/2026\/02\/0047a632-416e-423f-a1a1-d56a95913260.jpg 1152w\" sizes=\"(max-width: 246px) 100vw, 246px\" \/> <img loading=\"lazy\" decoding=\"async\" class=\"alignnone  wp-image-5764\" src=\"https:\/\/pp8.kluczbork.pl\/wp-content\/uploads\/2026\/02\/5b19565e-49a8-457c-b066-abf1a7036a72-169x300.jpg\" alt=\"\" width=\"246\" height=\"437\" srcset=\"https:\/\/pp8.kluczbork.pl\/wp-content\/uploads\/2026\/02\/5b19565e-49a8-457c-b066-abf1a7036a72-169x300.jpg 169w, https:\/\/pp8.kluczbork.pl\/wp-content\/uploads\/2026\/02\/5b19565e-49a8-457c-b066-abf1a7036a72-576x1024.jpg 576w, https:\/\/pp8.kluczbork.pl\/wp-content\/uploads\/2026\/02\/5b19565e-49a8-457c-b066-abf1a7036a72-768x1365.jpg 768w, https:\/\/pp8.kluczbork.pl\/wp-content\/uploads\/2026\/02\/5b19565e-49a8-457c-b066-abf1a7036a72-864x1536.jpg 864w, https:\/\/pp8.kluczbork.pl\/wp-content\/uploads\/2026\/02\/5b19565e-49a8-457c-b066-abf1a7036a72.jpg 1152w\" sizes=\"(max-width: 246px) 100vw, 246px\" \/> <img loading=\"lazy\" decoding=\"async\" class=\"alignnone  wp-image-5763\" src=\"https:\/\/pp8.kluczbork.pl\/wp-content\/uploads\/2026\/02\/4720c75c-b23b-44a5-b368-c9b42e05291f-169x300.jpg\" alt=\"\" width=\"246\" height=\"437\" srcset=\"https:\/\/pp8.kluczbork.pl\/wp-content\/uploads\/2026\/02\/4720c75c-b23b-44a5-b368-c9b42e05291f-169x300.jpg 169w, https:\/\/pp8.kluczbork.pl\/wp-content\/uploads\/2026\/02\/4720c75c-b23b-44a5-b368-c9b42e05291f-576x1024.jpg 576w, https:\/\/pp8.kluczbork.pl\/wp-content\/uploads\/2026\/02\/4720c75c-b23b-44a5-b368-c9b42e05291f-768x1365.jpg 768w, https:\/\/pp8.kluczbork.pl\/wp-content\/uploads\/2026\/02\/4720c75c-b23b-44a5-b368-c9b42e05291f-864x1536.jpg 864w, https:\/\/pp8.kluczbork.pl\/wp-content\/uploads\/2026\/02\/4720c75c-b23b-44a5-b368-c9b42e05291f.jpg 1152w\" sizes=\"(max-width: 246px) 100vw, 246px\" \/><\/p>\n","protected":false},"excerpt":{"rendered":"<p>Podczas kolejnych zaj\u0119\u0107 w ramach Klubu Europejskiego dzieci odwiedzi\u0142y Francj\u0119 \u2013 kraj znany z pi\u0119knych zabytk\u00f3w i niezwyk\u0142ych bajek. Przedszkolaki odnalaz\u0142y Francj\u0119 na mapie Europy, pozna\u0142y jej flag\u0119 oraz stolic\u0119 \u2013 Pary\u017c. Dowiedzia\u0142y si\u0119, gdzie znajduje si\u0119 s\u0142ynna Wie\u017ca Eiffla oraz czym jest Luwr. Du\u017cym zainteresowaniem cieszy\u0142o si\u0119 spotkanie z [&hellip;]<\/p>\n","protected":false},"author":15,"featured_media":5391,"comment_status":"open","ping_status":"open","sticky":false,"template":"","format":"standard","meta":{"ngg_post_thumbnail":0,"footnotes":""},"categories":[286],"tags":[],"_links":{"self":[{"href":"https:\/\/pp8.kluczbork.pl\/index.php?rest_route=\/wp\/v2\/posts\/5762"}],"collection":[{"href":"https:\/\/pp8.kluczbork.pl\/index.php?rest_route=\/wp\/v2\/posts"}],"about":[{"href":"https:\/\/pp8.kluczbork.pl\/index.php?rest_route=\/wp\/v2\/types\/post"}],"author":[{"embeddable":true,"href":"https:\/\/pp8.kluczbork.pl\/index.php?rest_route=\/wp\/v2\/users\/15"}],"replies":[{"embeddable":true,"href":"https:\/\/pp8.kluczbork.pl\/index.php?rest_route=%2Fwp%2Fv2%2Fcomments&post=5762"}],"version-history":[{"count":1,"href":"https:\/\/pp8.kluczbork.pl\/index.php?rest_route=\/wp\/v2\/posts\/5762\/revisions"}],"predecessor-version":[{"id":5771,"href":"https:\/\/pp8.kluczbork.pl\/index.php?rest_route=\/wp\/v2\/posts\/5762\/revisions\/5771"}],"wp:featuredmedia":[{"embeddable":true,"href":"https:\/\/pp8.kluczbork.pl\/index.php?rest_route=\/wp\/v2\/media\/5391"}],"wp:attachment":[{"href":"https:\/\/pp8.kluczbork.pl\/index.php?rest_route=%2Fwp%2Fv2%2Fmedia&parent=5762"}],"wp:term":[{"taxonomy":"category","embeddable":true,"href":"https:\/\/pp8.kluczbork.pl\/index.php?rest_route=%2Fwp%2Fv2%2Fcategories&post=5762"},{"taxonomy":"post_tag","embeddable":true,"href":"https:\/\/pp8.kluczbork.pl\/index.php?rest_route=%2Fwp%2Fv2%2Ftags&post=5762"}],"curies":[{"name":"wp","href":"https:\/\/api.w.org\/{rel}","templated":true}]}}