{"id":5712,"date":"2026-01-17T17:45:57","date_gmt":"2026-01-17T17:45:57","guid":{"rendered":"https:\/\/pp8.kluczbork.pl\/?p=5712"},"modified":"2026-01-17T17:45:57","modified_gmt":"2026-01-17T17:45:57","slug":"niemcy-nasi-sasiedzi","status":"publish","type":"post","link":"https:\/\/pp8.kluczbork.pl\/?p=5712","title":{"rendered":"Niemcy \u2013 nasi s\u0105siedzi"},"content":{"rendered":"<p style=\"text-align: center;\" data-start=\"2125\" data-end=\"2511\"><span style=\"font-family: 'comic sans ms', sans-serif; font-size: 18pt;\">15 grudnia 2025 podczas zaj\u0119\u0107 po\u015bwi\u0119conych <strong data-start=\"2152\" data-end=\"2163\">Niemcom<\/strong> dzieci pozna\u0142y kraj s\u0105siaduj\u0105cy z Polsk\u0105. Odszukiwa\u0142y Niemcy na mapie Europy, kolorowa\u0142y flag\u0119 oraz pozna\u0142y stolic\u0119 \u2013 Berlin. Ogl\u0105da\u0142y ilustracje znanych zabytk\u00f3w, takich jak Brama Brandenburska, oraz dowiedzia\u0142y si\u0119, z czego s\u0142yn\u0105 Niemcy, m.in. z produkcji samochod\u00f3w. Przedszkolaki nauczy\u0142y si\u0119 r\u00f3wnie\u017c prostego niemieckiego powitania \u2013 \u201eHallo\u201d.<\/span><\/p>\n<p style=\"text-align: center;\" data-start=\"2125\" data-end=\"2511\"><img loading=\"lazy\" decoding=\"async\" class=\"alignnone  wp-image-5713\" src=\"https:\/\/pp8.kluczbork.pl\/wp-content\/uploads\/2026\/01\/0465e2fa-3f9d-478f-bc6b-e52c9deb5dbb-300x169.jpg\" alt=\"\" width=\"506\" height=\"285\" srcset=\"https:\/\/pp8.kluczbork.pl\/wp-content\/uploads\/2026\/01\/0465e2fa-3f9d-478f-bc6b-e52c9deb5dbb-300x169.jpg 300w, https:\/\/pp8.kluczbork.pl\/wp-content\/uploads\/2026\/01\/0465e2fa-3f9d-478f-bc6b-e52c9deb5dbb-1024x576.jpg 1024w, https:\/\/pp8.kluczbork.pl\/wp-content\/uploads\/2026\/01\/0465e2fa-3f9d-478f-bc6b-e52c9deb5dbb-768x432.jpg 768w, https:\/\/pp8.kluczbork.pl\/wp-content\/uploads\/2026\/01\/0465e2fa-3f9d-478f-bc6b-e52c9deb5dbb-1536x864.jpg 1536w, https:\/\/pp8.kluczbork.pl\/wp-content\/uploads\/2026\/01\/0465e2fa-3f9d-478f-bc6b-e52c9deb5dbb.jpg 2048w\" sizes=\"(max-width: 506px) 100vw, 506px\" \/> <img loading=\"lazy\" decoding=\"async\" class=\"alignnone  wp-image-5714\" src=\"https:\/\/pp8.kluczbork.pl\/wp-content\/uploads\/2026\/01\/1c33c899-f232-428a-9b39-0c51b1b06446-300x169.jpg\" alt=\"\" width=\"502\" height=\"283\" srcset=\"https:\/\/pp8.kluczbork.pl\/wp-content\/uploads\/2026\/01\/1c33c899-f232-428a-9b39-0c51b1b06446-300x169.jpg 300w, https:\/\/pp8.kluczbork.pl\/wp-content\/uploads\/2026\/01\/1c33c899-f232-428a-9b39-0c51b1b06446-1024x576.jpg 1024w, https:\/\/pp8.kluczbork.pl\/wp-content\/uploads\/2026\/01\/1c33c899-f232-428a-9b39-0c51b1b06446-768x432.jpg 768w, https:\/\/pp8.kluczbork.pl\/wp-content\/uploads\/2026\/01\/1c33c899-f232-428a-9b39-0c51b1b06446-1536x864.jpg 1536w, https:\/\/pp8.kluczbork.pl\/wp-content\/uploads\/2026\/01\/1c33c899-f232-428a-9b39-0c51b1b06446.jpg 2048w\" sizes=\"(max-width: 502px) 100vw, 502px\" \/> <img loading=\"lazy\" decoding=\"async\" class=\"alignnone  wp-image-5715\" src=\"https:\/\/pp8.kluczbork.pl\/wp-content\/uploads\/2026\/01\/e292bd62-c69a-4958-b112-eb988b391eac-169x300.jpg\" alt=\"\" width=\"272\" height=\"483\" srcset=\"https:\/\/pp8.kluczbork.pl\/wp-content\/uploads\/2026\/01\/e292bd62-c69a-4958-b112-eb988b391eac-169x300.jpg 169w, https:\/\/pp8.kluczbork.pl\/wp-content\/uploads\/2026\/01\/e292bd62-c69a-4958-b112-eb988b391eac-576x1024.jpg 576w, https:\/\/pp8.kluczbork.pl\/wp-content\/uploads\/2026\/01\/e292bd62-c69a-4958-b112-eb988b391eac-768x1365.jpg 768w, https:\/\/pp8.kluczbork.pl\/wp-content\/uploads\/2026\/01\/e292bd62-c69a-4958-b112-eb988b391eac-864x1536.jpg 864w, https:\/\/pp8.kluczbork.pl\/wp-content\/uploads\/2026\/01\/e292bd62-c69a-4958-b112-eb988b391eac.jpg 1152w\" sizes=\"(max-width: 272px) 100vw, 272px\" \/><\/p>\n","protected":false},"excerpt":{"rendered":"<p>15 grudnia 2025 podczas zaj\u0119\u0107 po\u015bwi\u0119conych Niemcom dzieci pozna\u0142y kraj s\u0105siaduj\u0105cy z Polsk\u0105. Odszukiwa\u0142y Niemcy na mapie Europy, kolorowa\u0142y flag\u0119 oraz pozna\u0142y stolic\u0119 \u2013 Berlin. Ogl\u0105da\u0142y ilustracje znanych zabytk\u00f3w, takich jak Brama Brandenburska, oraz dowiedzia\u0142y si\u0119, z czego s\u0142yn\u0105 Niemcy, m.in. z produkcji samochod\u00f3w. Przedszkolaki nauczy\u0142y si\u0119 r\u00f3wnie\u017c prostego niemieckiego [&hellip;]<\/p>\n","protected":false},"author":15,"featured_media":5305,"comment_status":"open","ping_status":"open","sticky":false,"template":"","format":"standard","meta":{"ngg_post_thumbnail":0,"footnotes":""},"categories":[286],"tags":[],"_links":{"self":[{"href":"https:\/\/pp8.kluczbork.pl\/index.php?rest_route=\/wp\/v2\/posts\/5712"}],"collection":[{"href":"https:\/\/pp8.kluczbork.pl\/index.php?rest_route=\/wp\/v2\/posts"}],"about":[{"href":"https:\/\/pp8.kluczbork.pl\/index.php?rest_route=\/wp\/v2\/types\/post"}],"author":[{"embeddable":true,"href":"https:\/\/pp8.kluczbork.pl\/index.php?rest_route=\/wp\/v2\/users\/15"}],"replies":[{"embeddable":true,"href":"https:\/\/pp8.kluczbork.pl\/index.php?rest_route=%2Fwp%2Fv2%2Fcomments&post=5712"}],"version-history":[{"count":1,"href":"https:\/\/pp8.kluczbork.pl\/index.php?rest_route=\/wp\/v2\/posts\/5712\/revisions"}],"predecessor-version":[{"id":5716,"href":"https:\/\/pp8.kluczbork.pl\/index.php?rest_route=\/wp\/v2\/posts\/5712\/revisions\/5716"}],"wp:featuredmedia":[{"embeddable":true,"href":"https:\/\/pp8.kluczbork.pl\/index.php?rest_route=\/wp\/v2\/media\/5305"}],"wp:attachment":[{"href":"https:\/\/pp8.kluczbork.pl\/index.php?rest_route=%2Fwp%2Fv2%2Fmedia&parent=5712"}],"wp:term":[{"taxonomy":"category","embeddable":true,"href":"https:\/\/pp8.kluczbork.pl\/index.php?rest_route=%2Fwp%2Fv2%2Fcategories&post=5712"},{"taxonomy":"post_tag","embeddable":true,"href":"https:\/\/pp8.kluczbork.pl\/index.php?rest_route=%2Fwp%2Fv2%2Ftags&post=5712"}],"curies":[{"name":"wp","href":"https:\/\/api.w.org\/{rel}","templated":true}]}}