{"id":5705,"date":"2026-01-17T17:37:43","date_gmt":"2026-01-17T17:37:43","guid":{"rendered":"https:\/\/pp8.kluczbork.pl\/?p=5705"},"modified":"2026-01-17T17:37:43","modified_gmt":"2026-01-17T17:37:43","slug":"finlandia-kraina-muminkow","status":"publish","type":"post","link":"https:\/\/pp8.kluczbork.pl\/?p=5705","title":{"rendered":"Finlandia \u2013 kraina Mumink\u00f3w"},"content":{"rendered":"<p style=\"text-align: center;\"><span style=\"font-family: 'comic sans ms', sans-serif; font-size: 18pt;\">Podczas kolejnych zaj\u0119\u0107 01.12.2025 dzieci przenios\u0142y si\u0119 do <strong data-start=\"849\" data-end=\"862\">Finlandii<\/strong>, nazywanej \u201ekrain\u0105 tysi\u0105ca jezior\u201d. Przedszkolaki odnalaz\u0142y Finlandi\u0119 na mapie Europy, pozna\u0142y jej flag\u0119 oraz charakterystyczne elementy krajobrazu: jeziora, lasy, \u015bnieg i renifery. Du\u017co rado\u015bci sprawi\u0142o dzieciom spotkanie z bohaterami znanej bajki \u2013 <strong data-start=\"1114\" data-end=\"1127\">Muminkami<\/strong>. Zaj\u0119cia wzbogaci\u0142a zabawa ruchowa oraz praca plastyczna przedstawiaj\u0105ca zimowy krajobraz Finlandii.<\/span><\/p>\n<p style=\"text-align: center;\"><img loading=\"lazy\" decoding=\"async\" class=\"alignnone  wp-image-5706\" src=\"https:\/\/pp8.kluczbork.pl\/wp-content\/uploads\/2026\/01\/a86f8f29-7740-4d05-ae37-54ed470286eb-300x169.jpg\" alt=\"\" width=\"518\" height=\"292\" srcset=\"https:\/\/pp8.kluczbork.pl\/wp-content\/uploads\/2026\/01\/a86f8f29-7740-4d05-ae37-54ed470286eb-300x169.jpg 300w, https:\/\/pp8.kluczbork.pl\/wp-content\/uploads\/2026\/01\/a86f8f29-7740-4d05-ae37-54ed470286eb-1024x576.jpg 1024w, https:\/\/pp8.kluczbork.pl\/wp-content\/uploads\/2026\/01\/a86f8f29-7740-4d05-ae37-54ed470286eb-768x432.jpg 768w, https:\/\/pp8.kluczbork.pl\/wp-content\/uploads\/2026\/01\/a86f8f29-7740-4d05-ae37-54ed470286eb-1536x864.jpg 1536w, https:\/\/pp8.kluczbork.pl\/wp-content\/uploads\/2026\/01\/a86f8f29-7740-4d05-ae37-54ed470286eb.jpg 2048w\" sizes=\"(max-width: 518px) 100vw, 518px\" \/> <img loading=\"lazy\" decoding=\"async\" class=\"alignnone  wp-image-5707\" src=\"https:\/\/pp8.kluczbork.pl\/wp-content\/uploads\/2026\/01\/3b2e9568-11fa-47d7-bcbc-7d9479d035ec-300x169.jpg\" alt=\"\" width=\"515\" height=\"290\" srcset=\"https:\/\/pp8.kluczbork.pl\/wp-content\/uploads\/2026\/01\/3b2e9568-11fa-47d7-bcbc-7d9479d035ec-300x169.jpg 300w, https:\/\/pp8.kluczbork.pl\/wp-content\/uploads\/2026\/01\/3b2e9568-11fa-47d7-bcbc-7d9479d035ec-1024x576.jpg 1024w, https:\/\/pp8.kluczbork.pl\/wp-content\/uploads\/2026\/01\/3b2e9568-11fa-47d7-bcbc-7d9479d035ec-768x432.jpg 768w, https:\/\/pp8.kluczbork.pl\/wp-content\/uploads\/2026\/01\/3b2e9568-11fa-47d7-bcbc-7d9479d035ec-1536x864.jpg 1536w, https:\/\/pp8.kluczbork.pl\/wp-content\/uploads\/2026\/01\/3b2e9568-11fa-47d7-bcbc-7d9479d035ec.jpg 2048w\" sizes=\"(max-width: 515px) 100vw, 515px\" \/><\/p>\n","protected":false},"excerpt":{"rendered":"<p>Podczas kolejnych zaj\u0119\u0107 01.12.2025 dzieci przenios\u0142y si\u0119 do Finlandii, nazywanej \u201ekrain\u0105 tysi\u0105ca jezior\u201d. Przedszkolaki odnalaz\u0142y Finlandi\u0119 na mapie Europy, pozna\u0142y jej flag\u0119 oraz charakterystyczne elementy krajobrazu: jeziora, lasy, \u015bnieg i renifery. Du\u017co rado\u015bci sprawi\u0142o dzieciom spotkanie z bohaterami znanej bajki \u2013 Muminkami. Zaj\u0119cia wzbogaci\u0142a zabawa ruchowa oraz praca plastyczna przedstawiaj\u0105ca [&hellip;]<\/p>\n","protected":false},"author":15,"featured_media":5280,"comment_status":"open","ping_status":"open","sticky":false,"template":"","format":"standard","meta":{"ngg_post_thumbnail":0,"footnotes":""},"categories":[286],"tags":[],"_links":{"self":[{"href":"https:\/\/pp8.kluczbork.pl\/index.php?rest_route=\/wp\/v2\/posts\/5705"}],"collection":[{"href":"https:\/\/pp8.kluczbork.pl\/index.php?rest_route=\/wp\/v2\/posts"}],"about":[{"href":"https:\/\/pp8.kluczbork.pl\/index.php?rest_route=\/wp\/v2\/types\/post"}],"author":[{"embeddable":true,"href":"https:\/\/pp8.kluczbork.pl\/index.php?rest_route=\/wp\/v2\/users\/15"}],"replies":[{"embeddable":true,"href":"https:\/\/pp8.kluczbork.pl\/index.php?rest_route=%2Fwp%2Fv2%2Fcomments&post=5705"}],"version-history":[{"count":1,"href":"https:\/\/pp8.kluczbork.pl\/index.php?rest_route=\/wp\/v2\/posts\/5705\/revisions"}],"predecessor-version":[{"id":5708,"href":"https:\/\/pp8.kluczbork.pl\/index.php?rest_route=\/wp\/v2\/posts\/5705\/revisions\/5708"}],"wp:featuredmedia":[{"embeddable":true,"href":"https:\/\/pp8.kluczbork.pl\/index.php?rest_route=\/wp\/v2\/media\/5280"}],"wp:attachment":[{"href":"https:\/\/pp8.kluczbork.pl\/index.php?rest_route=%2Fwp%2Fv2%2Fmedia&parent=5705"}],"wp:term":[{"taxonomy":"category","embeddable":true,"href":"https:\/\/pp8.kluczbork.pl\/index.php?rest_route=%2Fwp%2Fv2%2Fcategories&post=5705"},{"taxonomy":"post_tag","embeddable":true,"href":"https:\/\/pp8.kluczbork.pl\/index.php?rest_route=%2Fwp%2Fv2%2Ftags&post=5705"}],"curies":[{"name":"wp","href":"https:\/\/api.w.org\/{rel}","templated":true}]}}