{"id":5693,"date":"2026-01-13T18:23:46","date_gmt":"2026-01-13T18:23:46","guid":{"rendered":"https:\/\/pp8.kluczbork.pl\/?p=5693"},"modified":"2026-01-13T18:23:46","modified_gmt":"2026-01-13T18:23:46","slug":"unia-europejska-i-polska","status":"publish","type":"post","link":"https:\/\/pp8.kluczbork.pl\/?p=5693","title":{"rendered":"Unia Europejska i Polska"},"content":{"rendered":"<p style=\"text-align: center;\"><span style=\"font-size: 18pt; font-family: 'comic sans ms', sans-serif;\">17 listopada w ramach dzia\u0142alno\u015bci Klubu Europejskiego dzieci rozpocz\u0119\u0142y swoj\u0105 niezwyk\u0142\u0105 podr\u00f3\u017c po Europie od poznania <strong data-start=\"392\" data-end=\"413\">Unii Europejskiej<\/strong> oraz roli, jak\u0105 pe\u0142ni w niej <strong data-start=\"443\" data-end=\"453\">Polska<\/strong>. Przedszkolaki dowiedzia\u0142y si\u0119, czym jest Unia Europejska, pozna\u0142y jej symbole oraz odnalaz\u0142y Polsk\u0119 na mapie Europy. Kolorowa\u0142y flag\u0119 Polski i flag\u0119 Unii Europejskiej, a tak\u017ce wys\u0142ucha\u0142y hymnu UE \u2013 \u201eOdy do rado\u015bci\u201d. Ka\u017cde dziecko otrzyma\u0142o sw\u00f3j w\u0142asny paszport i map\u0119 Europy. Zaj\u0119cia by\u0142y doskona\u0142ym wprowadzeniem do dalszego poznawania kraj\u00f3w europejskich.<br \/>\n<img loading=\"lazy\" decoding=\"async\" class=\"alignnone  wp-image-5695\" src=\"https:\/\/pp8.kluczbork.pl\/wp-content\/uploads\/2026\/01\/e973ea86-2a19-47bf-9405-acd45c159acf-300x169.jpg\" alt=\"\" width=\"724\" height=\"408\" srcset=\"https:\/\/pp8.kluczbork.pl\/wp-content\/uploads\/2026\/01\/e973ea86-2a19-47bf-9405-acd45c159acf-300x169.jpg 300w, https:\/\/pp8.kluczbork.pl\/wp-content\/uploads\/2026\/01\/e973ea86-2a19-47bf-9405-acd45c159acf-1024x576.jpg 1024w, https:\/\/pp8.kluczbork.pl\/wp-content\/uploads\/2026\/01\/e973ea86-2a19-47bf-9405-acd45c159acf-768x432.jpg 768w, https:\/\/pp8.kluczbork.pl\/wp-content\/uploads\/2026\/01\/e973ea86-2a19-47bf-9405-acd45c159acf-1536x864.jpg 1536w, https:\/\/pp8.kluczbork.pl\/wp-content\/uploads\/2026\/01\/e973ea86-2a19-47bf-9405-acd45c159acf.jpg 2048w\" sizes=\"(max-width: 724px) 100vw, 724px\" \/><br \/>\n<\/span><\/p>\n","protected":false},"excerpt":{"rendered":"<p>17 listopada w ramach dzia\u0142alno\u015bci Klubu Europejskiego dzieci rozpocz\u0119\u0142y swoj\u0105 niezwyk\u0142\u0105 podr\u00f3\u017c po Europie od poznania Unii Europejskiej oraz roli, jak\u0105 pe\u0142ni w niej Polska. Przedszkolaki dowiedzia\u0142y si\u0119, czym jest Unia Europejska, pozna\u0142y jej symbole oraz odnalaz\u0142y Polsk\u0119 na mapie Europy. Kolorowa\u0142y flag\u0119 Polski i flag\u0119 Unii Europejskiej, a tak\u017ce [&hellip;]<\/p>\n","protected":false},"author":15,"featured_media":5694,"comment_status":"open","ping_status":"open","sticky":false,"template":"","format":"standard","meta":{"ngg_post_thumbnail":0,"footnotes":""},"categories":[286],"tags":[],"_links":{"self":[{"href":"https:\/\/pp8.kluczbork.pl\/index.php?rest_route=\/wp\/v2\/posts\/5693"}],"collection":[{"href":"https:\/\/pp8.kluczbork.pl\/index.php?rest_route=\/wp\/v2\/posts"}],"about":[{"href":"https:\/\/pp8.kluczbork.pl\/index.php?rest_route=\/wp\/v2\/types\/post"}],"author":[{"embeddable":true,"href":"https:\/\/pp8.kluczbork.pl\/index.php?rest_route=\/wp\/v2\/users\/15"}],"replies":[{"embeddable":true,"href":"https:\/\/pp8.kluczbork.pl\/index.php?rest_route=%2Fwp%2Fv2%2Fcomments&post=5693"}],"version-history":[{"count":1,"href":"https:\/\/pp8.kluczbork.pl\/index.php?rest_route=\/wp\/v2\/posts\/5693\/revisions"}],"predecessor-version":[{"id":5696,"href":"https:\/\/pp8.kluczbork.pl\/index.php?rest_route=\/wp\/v2\/posts\/5693\/revisions\/5696"}],"wp:featuredmedia":[{"embeddable":true,"href":"https:\/\/pp8.kluczbork.pl\/index.php?rest_route=\/wp\/v2\/media\/5694"}],"wp:attachment":[{"href":"https:\/\/pp8.kluczbork.pl\/index.php?rest_route=%2Fwp%2Fv2%2Fmedia&parent=5693"}],"wp:term":[{"taxonomy":"category","embeddable":true,"href":"https:\/\/pp8.kluczbork.pl\/index.php?rest_route=%2Fwp%2Fv2%2Fcategories&post=5693"},{"taxonomy":"post_tag","embeddable":true,"href":"https:\/\/pp8.kluczbork.pl\/index.php?rest_route=%2Fwp%2Fv2%2Ftags&post=5693"}],"curies":[{"name":"wp","href":"https:\/\/api.w.org\/{rel}","templated":true}]}}