{"id":5685,"date":"2026-01-11T13:10:29","date_gmt":"2026-01-11T13:10:29","guid":{"rendered":"https:\/\/pp8.kluczbork.pl\/?p=5685"},"modified":"2026-02-10T08:42:32","modified_gmt":"2026-02-10T08:42:32","slug":"rekrutacja-do-przedszkola-2026","status":"publish","type":"post","link":"https:\/\/pp8.kluczbork.pl\/?p=5685","title":{"rendered":"Rekrutacja do Przedszkola 2026"},"content":{"rendered":"<p><span style=\"color: #ff0000;\"><strong>Zarz\u0105dzenie Burmistrza z dnia 8 stycznia 2026 r.<br \/>\nw sprawie harmonogramu przeprowadzania<br \/>\npost\u0119powania rekrutacyjnego oraz post\u0119powania uzupe\u0142niaj\u0105cego<br \/>\nna rok szkolny <span style=\"color: #008080;\">2026\/2027<\/span><\/strong><\/span><br \/>\n<span style=\"color: #ff0000;\"><strong>do publicznych przedszkoli i oddzia\u0142\u00f3w przedszkolnych<br \/>\nprzy publicznych szko\u0142ach podstawowych<\/strong><\/span><br \/>\n<span style=\"color: #ff0000;\"><strong> w Gminie Kluczbork<\/strong><\/span><\/p>\n<p><a href=\"https:\/\/pp8.kluczbork.pl\/wp-content\/uploads\/2026\/01\/Rekrutacja-2026.pdf\">Rekrutacja 2026<\/a><\/p>\n<p><a href=\"https:\/\/pp8.kluczbork.pl\/wp-content\/uploads\/2026\/01\/PP-INFORMATOR-dla-rodzicow-2026-27.pdf\">PP INFORMATOR dla rodzic\u00f3w-2026-27<\/a><\/p>\n<p>&nbsp;<\/p>\n","protected":false},"excerpt":{"rendered":"<p>Zarz\u0105dzenie Burmistrza z dnia 8 stycznia 2026 r. w sprawie harmonogramu przeprowadzania post\u0119powania rekrutacyjnego oraz post\u0119powania uzupe\u0142niaj\u0105cego na rok szkolny 2026\/2027 do publicznych przedszkoli i oddzia\u0142\u00f3w przedszkolnych przy publicznych szko\u0142ach podstawowych w Gminie Kluczbork Rekrutacja 2026 PP INFORMATOR dla rodzic\u00f3w-2026-27 &nbsp;<\/p>\n","protected":false},"author":16,"featured_media":0,"comment_status":"open","ping_status":"open","sticky":true,"template":"","format":"standard","meta":{"ngg_post_thumbnail":0,"footnotes":""},"categories":[279,1],"tags":[],"_links":{"self":[{"href":"https:\/\/pp8.kluczbork.pl\/index.php?rest_route=\/wp\/v2\/posts\/5685"}],"collection":[{"href":"https:\/\/pp8.kluczbork.pl\/index.php?rest_route=\/wp\/v2\/posts"}],"about":[{"href":"https:\/\/pp8.kluczbork.pl\/index.php?rest_route=\/wp\/v2\/types\/post"}],"author":[{"embeddable":true,"href":"https:\/\/pp8.kluczbork.pl\/index.php?rest_route=\/wp\/v2\/users\/16"}],"replies":[{"embeddable":true,"href":"https:\/\/pp8.kluczbork.pl\/index.php?rest_route=%2Fwp%2Fv2%2Fcomments&post=5685"}],"version-history":[{"count":4,"href":"https:\/\/pp8.kluczbork.pl\/index.php?rest_route=\/wp\/v2\/posts\/5685\/revisions"}],"predecessor-version":[{"id":5754,"href":"https:\/\/pp8.kluczbork.pl\/index.php?rest_route=\/wp\/v2\/posts\/5685\/revisions\/5754"}],"wp:attachment":[{"href":"https:\/\/pp8.kluczbork.pl\/index.php?rest_route=%2Fwp%2Fv2%2Fmedia&parent=5685"}],"wp:term":[{"taxonomy":"category","embeddable":true,"href":"https:\/\/pp8.kluczbork.pl\/index.php?rest_route=%2Fwp%2Fv2%2Fcategories&post=5685"},{"taxonomy":"post_tag","embeddable":true,"href":"https:\/\/pp8.kluczbork.pl\/index.php?rest_route=%2Fwp%2Fv2%2Ftags&post=5685"}],"curies":[{"name":"wp","href":"https:\/\/api.w.org\/{rel}","templated":true}]}}