{"id":5682,"date":"2026-01-08T16:23:24","date_gmt":"2026-01-08T16:23:24","guid":{"rendered":"https:\/\/pp8.kluczbork.pl\/?p=5682"},"modified":"2026-01-31T09:19:46","modified_gmt":"2026-01-31T09:19:46","slug":"zarzadzenie-burmistrza-dyzur-wakacyjny","status":"publish","type":"post","link":"https:\/\/pp8.kluczbork.pl\/?p=5682","title":{"rendered":"Zarz\u0105dzenie Burmistrza &#8211; Dy\u017cur Wakacyjny"},"content":{"rendered":"<p style=\"font-weight: 400;\"><strong><span style=\"color: #993300;\">Zarz\u0105dzenie Burmistrza Miasta Kluczborka z dnia 2 stycznia 2026 r.,<\/span><\/strong><br \/>\n<strong><span style=\"color: #993300;\"> w sprawie ustalenia<\/span> <span style=\"color: #ff0000;\">harmonogramu dy\u017cur\u00f3w i przerw w pracy <\/span><\/strong><br \/>\n<strong><span style=\"color: #ff0000;\">publicznych przedszkoli i oddzia\u0142\u00f3w przedszkolnych<\/span> w szko\u0142ach podstawowych, <\/strong><br \/>\n<strong>dla kt\u00f3rych organem prowadz\u0105cym jest Gmina Kluczbork.<\/strong><\/p>\n<p style=\"font-weight: 400;\"><a href=\"https:\/\/pp8.kluczbork.pl\/wp-content\/uploads\/2026\/01\/Zarzadzenie-Burmistrza.pdf\">Zarzadzenie Burmistrza<\/a><\/p>\n<p style=\"font-weight: 400;\">&nbsp;<\/p>\n<p style=\"font-weight: 400;\">&nbsp;<\/p>\n","protected":false},"excerpt":{"rendered":"<p>Zarz\u0105dzenie Burmistrza Miasta Kluczborka z dnia 2 stycznia 2026 r., w sprawie ustalenia harmonogramu dy\u017cur\u00f3w i przerw w pracy publicznych przedszkoli i oddzia\u0142\u00f3w przedszkolnych w szko\u0142ach podstawowych, dla kt\u00f3rych organem prowadz\u0105cym jest Gmina Kluczbork. Zarzadzenie Burmistrza &nbsp; &nbsp;<\/p>\n","protected":false},"author":16,"featured_media":0,"comment_status":"open","ping_status":"open","sticky":true,"template":"","format":"standard","meta":{"ngg_post_thumbnail":0,"footnotes":""},"categories":[279,1],"tags":[],"_links":{"self":[{"href":"https:\/\/pp8.kluczbork.pl\/index.php?rest_route=\/wp\/v2\/posts\/5682"}],"collection":[{"href":"https:\/\/pp8.kluczbork.pl\/index.php?rest_route=\/wp\/v2\/posts"}],"about":[{"href":"https:\/\/pp8.kluczbork.pl\/index.php?rest_route=\/wp\/v2\/types\/post"}],"author":[{"embeddable":true,"href":"https:\/\/pp8.kluczbork.pl\/index.php?rest_route=\/wp\/v2\/users\/16"}],"replies":[{"embeddable":true,"href":"https:\/\/pp8.kluczbork.pl\/index.php?rest_route=%2Fwp%2Fv2%2Fcomments&post=5682"}],"version-history":[{"count":1,"href":"https:\/\/pp8.kluczbork.pl\/index.php?rest_route=\/wp\/v2\/posts\/5682\/revisions"}],"predecessor-version":[{"id":5684,"href":"https:\/\/pp8.kluczbork.pl\/index.php?rest_route=\/wp\/v2\/posts\/5682\/revisions\/5684"}],"wp:attachment":[{"href":"https:\/\/pp8.kluczbork.pl\/index.php?rest_route=%2Fwp%2Fv2%2Fmedia&parent=5682"}],"wp:term":[{"taxonomy":"category","embeddable":true,"href":"https:\/\/pp8.kluczbork.pl\/index.php?rest_route=%2Fwp%2Fv2%2Fcategories&post=5682"},{"taxonomy":"post_tag","embeddable":true,"href":"https:\/\/pp8.kluczbork.pl\/index.php?rest_route=%2Fwp%2Fv2%2Ftags&post=5682"}],"curies":[{"name":"wp","href":"https:\/\/api.w.org\/{rel}","templated":true}]}}