{"id":5646,"date":"2025-12-02T13:44:56","date_gmt":"2025-12-02T13:44:56","guid":{"rendered":"https:\/\/pp8.kluczbork.pl\/?p=5646"},"modified":"2025-12-02T13:44:56","modified_gmt":"2025-12-02T13:44:56","slug":"jarmark-bozonarodzeniowy-w-kluczborku","status":"publish","type":"post","link":"https:\/\/pp8.kluczbork.pl\/?p=5646","title":{"rendered":"Jarmark Bo\u017conarodzeniowy w Kluczborku"},"content":{"rendered":"<div class=\"pre\">\n<p><strong>Zapraszamy na Kluczborski Jarmark Bo\u017conarodzeniowy!<\/strong>&nbsp;<\/p>\n<p><span style=\"color: #ff0000;\"><strong>Ju\u017c 6 i 7 grudnia w godz. 12.00 &#8211; 20.00 Rynek w Kluczborku<\/strong> <\/span>wype\u0142ni si\u0119 \u015bwi\u0105teczn\u0105 atmosfer\u0105 \u2013 pachn\u0105cymi choinkami, grzanym winem, pi\u0119knymi dekoracjami i wyj\u0105tkowymi stoiskami pe\u0142nymi r\u0119kodzie\u0142a oraz pyszno\u015bci.<\/p>\n<p><span style=\"color: #993366;\"><strong>6 grudnia o godz. 17.30&nbsp;czeka na Was \u015awi\u0119to \u015awiat\u0142a i uroczyste roz\u015bwietlenie choinki, a najm\u0142odszych odwiedzi sam \u015awi\u0119ty Miko\u0142aj od godz. 16.30&nbsp; z drobnymi niespodziankami.&nbsp;<\/strong><\/span><\/p>\n<p><span style=\"color: #000080;\">Na Jarmarku znajdziecie <a style=\"color: #000080;\" href=\"http:\/\/m.in\/\">m.in<\/a>.:<\/span><br \/>\n<span style=\"color: #000080;\">\u2022 \u015bwi\u0105teczne ozdoby, stroiki i r\u0119cznie tworzone dekoracje&nbsp;<\/span><br \/>\n<span style=\"color: #000080;\">\u2022 ceramik\u0119, wyroby artystyczne i unikatowe prezenty&nbsp;<\/span><br \/>\n<span style=\"color: #000080;\">\u2022 ciasta, pierniki, miody, sery, konfitury i wiele zimowych przysmak\u00f3w&nbsp;<\/span><br \/>\n<span style=\"color: #000080;\">\u2022 pierogi, zapiekanki, s\u0142odko\u015bci i aromatyczne grzane wino&nbsp;<\/span><\/p>\n<p><span style=\"color: #ff0000;\"><strong>Wieczorem<\/strong> zadbamy o wyj\u0105tkowy klimat muzyczny:<\/span><br \/>\n<span style=\"color: #ff0000;\">6.12 godz. 18.00&nbsp; \u2013 <strong>\u201eMuzyczna podr\u00f3\u017c dooko\u0142a \u015bwiata\u201d \u2013 Ewelina Mihu\u0142ka<\/strong><\/span><br \/>\n<span style=\"color: #ff0000;\">7.12 godz. 18.00&nbsp; \u2013<strong> koncert Macieja Miecznikowskiego (Leszcze<\/strong>)<\/span><\/p>\n<p><span style=\"color: #ff0000;\"><strong>Przyjd\u017acie poczu\u0107 magi\u0119 zbli\u017caj\u0105cych si\u0119 \u015awi\u0105t \u2013 czekamy na Was na kluczborskim Rynku!&nbsp;<\/strong><\/span><\/p>\n<\/div>\n<div class=\"pre\">\n<div id=\"signature\">\n<div class=\"pre\">Z powa\u017caniem,<br \/>\nAgnieszka Polo\u0144ska<br \/>\nInstruktor Centrum Kultury w Kluczborku<\/div>\n<\/div>\n<div>&nbsp;<\/div>\n<div id=\"signature\">\n<div class=\"pre\"><img loading=\"lazy\" decoding=\"async\" class=\"alignnone size-medium wp-image-5647\" src=\"https:\/\/pp8.kluczbork.pl\/wp-content\/uploads\/2025\/12\/Jarmark-2025-212x300.jpg\" alt=\"\" width=\"212\" height=\"300\" srcset=\"https:\/\/pp8.kluczbork.pl\/wp-content\/uploads\/2025\/12\/Jarmark-2025-212x300.jpg 212w, https:\/\/pp8.kluczbork.pl\/wp-content\/uploads\/2025\/12\/Jarmark-2025-724x1024.jpg 724w, https:\/\/pp8.kluczbork.pl\/wp-content\/uploads\/2025\/12\/Jarmark-2025-768x1086.jpg 768w, https:\/\/pp8.kluczbork.pl\/wp-content\/uploads\/2025\/12\/Jarmark-2025-1086x1536.jpg 1086w, https:\/\/pp8.kluczbork.pl\/wp-content\/uploads\/2025\/12\/Jarmark-2025-1448x2048.jpg 1448w, https:\/\/pp8.kluczbork.pl\/wp-content\/uploads\/2025\/12\/Jarmark-2025-scaled.jpg 1810w\" sizes=\"(max-width: 212px) 100vw, 212px\" \/><\/div>\n<\/div>\n<\/div>\n","protected":false},"excerpt":{"rendered":"<p>Zapraszamy na Kluczborski Jarmark Bo\u017conarodzeniowy!&nbsp; Ju\u017c 6 i 7 grudnia w godz. 12.00 &#8211; 20.00 Rynek w Kluczborku wype\u0142ni si\u0119 \u015bwi\u0105teczn\u0105 atmosfer\u0105 \u2013 pachn\u0105cymi choinkami, grzanym winem, pi\u0119knymi dekoracjami i wyj\u0105tkowymi stoiskami pe\u0142nymi r\u0119kodzie\u0142a oraz pyszno\u015bci. 6 grudnia o godz. 17.30&nbsp;czeka na Was \u015awi\u0119to \u015awiat\u0142a i uroczyste roz\u015bwietlenie choinki, a [&hellip;]<\/p>\n","protected":false},"author":16,"featured_media":5647,"comment_status":"open","ping_status":"open","sticky":false,"template":"","format":"standard","meta":{"ngg_post_thumbnail":0,"footnotes":""},"categories":[1],"tags":[],"_links":{"self":[{"href":"https:\/\/pp8.kluczbork.pl\/index.php?rest_route=\/wp\/v2\/posts\/5646"}],"collection":[{"href":"https:\/\/pp8.kluczbork.pl\/index.php?rest_route=\/wp\/v2\/posts"}],"about":[{"href":"https:\/\/pp8.kluczbork.pl\/index.php?rest_route=\/wp\/v2\/types\/post"}],"author":[{"embeddable":true,"href":"https:\/\/pp8.kluczbork.pl\/index.php?rest_route=\/wp\/v2\/users\/16"}],"replies":[{"embeddable":true,"href":"https:\/\/pp8.kluczbork.pl\/index.php?rest_route=%2Fwp%2Fv2%2Fcomments&post=5646"}],"version-history":[{"count":2,"href":"https:\/\/pp8.kluczbork.pl\/index.php?rest_route=\/wp\/v2\/posts\/5646\/revisions"}],"predecessor-version":[{"id":5649,"href":"https:\/\/pp8.kluczbork.pl\/index.php?rest_route=\/wp\/v2\/posts\/5646\/revisions\/5649"}],"wp:featuredmedia":[{"embeddable":true,"href":"https:\/\/pp8.kluczbork.pl\/index.php?rest_route=\/wp\/v2\/media\/5647"}],"wp:attachment":[{"href":"https:\/\/pp8.kluczbork.pl\/index.php?rest_route=%2Fwp%2Fv2%2Fmedia&parent=5646"}],"wp:term":[{"taxonomy":"category","embeddable":true,"href":"https:\/\/pp8.kluczbork.pl\/index.php?rest_route=%2Fwp%2Fv2%2Fcategories&post=5646"},{"taxonomy":"post_tag","embeddable":true,"href":"https:\/\/pp8.kluczbork.pl\/index.php?rest_route=%2Fwp%2Fv2%2Ftags&post=5646"}],"curies":[{"name":"wp","href":"https:\/\/api.w.org\/{rel}","templated":true}]}}