{"id":5628,"date":"2025-11-05T18:37:09","date_gmt":"2025-11-05T18:37:09","guid":{"rendered":"https:\/\/pp8.kluczbork.pl\/?p=5628"},"modified":"2025-11-05T18:37:09","modified_gmt":"2025-11-05T18:37:09","slug":"wizyta-przedstawiciela-strazy-pozarnej-i-radnego-gminy-udzial-w-akcji-swiec-przykladem","status":"publish","type":"post","link":"https:\/\/pp8.kluczbork.pl\/?p=5628","title":{"rendered":"Wizyta przedstawiciela Stra\u017cy Po\u017carnej i radnego Gminy &#8211; udzia\u0142 w akcji &#8222;\u015awie\u0107 przyk\u0142adem&#8221;"},"content":{"rendered":"<p><a href=\"https:\/\/flic.kr\/s\/aHBqjCzrtb\">ZDJ\u0118CIA<\/a><\/p>\n","protected":false},"excerpt":{"rendered":"<p>ZDJ\u0118CIA<\/p>\n","protected":false},"author":4,"featured_media":5629,"comment_status":"open","ping_status":"open","sticky":false,"template":"","format":"standard","meta":{"ngg_post_thumbnail":0,"footnotes":""},"categories":[31],"tags":[],"_links":{"self":[{"href":"https:\/\/pp8.kluczbork.pl\/index.php?rest_route=\/wp\/v2\/posts\/5628"}],"collection":[{"href":"https:\/\/pp8.kluczbork.pl\/index.php?rest_route=\/wp\/v2\/posts"}],"about":[{"href":"https:\/\/pp8.kluczbork.pl\/index.php?rest_route=\/wp\/v2\/types\/post"}],"author":[{"embeddable":true,"href":"https:\/\/pp8.kluczbork.pl\/index.php?rest_route=\/wp\/v2\/users\/4"}],"replies":[{"embeddable":true,"href":"https:\/\/pp8.kluczbork.pl\/index.php?rest_route=%2Fwp%2Fv2%2Fcomments&post=5628"}],"version-history":[{"count":1,"href":"https:\/\/pp8.kluczbork.pl\/index.php?rest_route=\/wp\/v2\/posts\/5628\/revisions"}],"predecessor-version":[{"id":5630,"href":"https:\/\/pp8.kluczbork.pl\/index.php?rest_route=\/wp\/v2\/posts\/5628\/revisions\/5630"}],"wp:featuredmedia":[{"embeddable":true,"href":"https:\/\/pp8.kluczbork.pl\/index.php?rest_route=\/wp\/v2\/media\/5629"}],"wp:attachment":[{"href":"https:\/\/pp8.kluczbork.pl\/index.php?rest_route=%2Fwp%2Fv2%2Fmedia&parent=5628"}],"wp:term":[{"taxonomy":"category","embeddable":true,"href":"https:\/\/pp8.kluczbork.pl\/index.php?rest_route=%2Fwp%2Fv2%2Fcategories&post=5628"},{"taxonomy":"post_tag","embeddable":true,"href":"https:\/\/pp8.kluczbork.pl\/index.php?rest_route=%2Fwp%2Fv2%2Ftags&post=5628"}],"curies":[{"name":"wp","href":"https:\/\/api.w.org\/{rel}","templated":true}]}}