{"id":5620,"date":"2025-10-07T06:49:21","date_gmt":"2025-10-07T06:49:21","guid":{"rendered":"https:\/\/pp8.kluczbork.pl\/?p=5620"},"modified":"2025-10-07T06:49:21","modified_gmt":"2025-10-07T06:49:21","slug":"noc-w-bibliotece","status":"publish","type":"post","link":"https:\/\/pp8.kluczbork.pl\/?p=5620","title":{"rendered":"NOC W BIBLIOTECE"},"content":{"rendered":"<p style=\"font-weight: 400;\"><strong><span style=\"color: #ff0000;\">W sobot\u0119 18 pa\u017adziernika 2025 r. w godzinach 18:00 \u2013 22:00 <\/span><\/strong><\/p>\n<p style=\"font-weight: 400;\"><span style=\"color: #000000;\">serdecznie zapraszamy na tegoroczn\u0105 edycj\u0119 &nbsp;<\/span><strong><span style=\"color: #000000;\">Nocy Bibliotek pod has\u0142em \u201eDo dzie\u0142a!\u201d.<\/span><\/strong><\/p>\n<p style=\"font-weight: 400;\"><span style=\"color: #000000;\">W programie imprezy:<\/span><\/p>\n<ul>\n<li style=\"font-weight: 400;\"><span style=\"color: #000000;\">&#8222;Upoluj ksi\u0105\u017ck\u0119&#8221; &#8211; poszukiwanie ksi\u0105\u017cek ukrytych na terenie Kluczborka (szczeg\u00f3\u0142y w wydarzeniu na Facebooku; pocz\u0105tek akcji 16:00)<\/span><\/li>\n<li style=\"font-weight: 400;\"><span style=\"color: #000000;\">\u201eRower to jest \u015bwiat!\u201d \u2013 spotkanie z Marcinem Detyna, konstruktorem rower\u00f3w custom<\/span><\/li>\n<li style=\"font-weight: 400;\"><span style=\"color: #000000;\">zaj\u0119cia plastyczne \u201eDo dzie\u0142a!\u201d<\/span><\/li>\n<li style=\"font-weight: 400;\"><span style=\"color: #000000;\">nocny maraton gier planszowych<\/span><\/li>\n<li style=\"font-weight: 400;\"><span style=\"color: #000000;\">kiermasz ksi\u0105\u017cek<\/span><\/li>\n<li style=\"font-weight: 400;\"><span style=\"color: #000000;\">film dla dzieci \u201eBiuro Detektywistyczne Lassego i Mai. Rabu\u015b z poci\u0105gu\u201d<\/span><\/li>\n<li style=\"font-weight: 400;\"><span style=\"color: #000000;\">wystawa \u201e\u017bycie i tw\u00f3rczo\u015b\u0107 W\u0142adys\u0142awa Stanis\u0142awa Reymonta (1867-1925)\u201d z Wojew\u00f3dzkiej Biblioteki Publicznej w Opolu<\/span><\/li>\n<li style=\"font-weight: 400;\"><span style=\"color: #000000;\">Wyprawki Czytelnicze dla dzieci w wieku 3 \u2013 6 lat (Ma\u0142a Ksi\u0105\u017cka \u2013 Wielki Cz\u0142owiek)<\/span><\/li>\n<li style=\"font-weight: 400;\"><span style=\"color: #000000;\">zapisy do biblioteki bez op\u0142at.<\/span><\/li>\n<\/ul>\n<p><img loading=\"lazy\" decoding=\"async\" class=\"alignnone size-medium wp-image-5621\" src=\"https:\/\/pp8.kluczbork.pl\/wp-content\/uploads\/2025\/10\/Plakat1-212x300.jpg\" alt=\"\" width=\"212\" height=\"300\" srcset=\"https:\/\/pp8.kluczbork.pl\/wp-content\/uploads\/2025\/10\/Plakat1-212x300.jpg 212w, https:\/\/pp8.kluczbork.pl\/wp-content\/uploads\/2025\/10\/Plakat1-724x1024.jpg 724w, https:\/\/pp8.kluczbork.pl\/wp-content\/uploads\/2025\/10\/Plakat1-768x1086.jpg 768w, https:\/\/pp8.kluczbork.pl\/wp-content\/uploads\/2025\/10\/Plakat1-1086x1536.jpg 1086w, https:\/\/pp8.kluczbork.pl\/wp-content\/uploads\/2025\/10\/Plakat1-1448x2048.jpg 1448w, https:\/\/pp8.kluczbork.pl\/wp-content\/uploads\/2025\/10\/Plakat1.jpg 1754w\" sizes=\"(max-width: 212px) 100vw, 212px\" \/><\/p>\n","protected":false},"excerpt":{"rendered":"<p>W sobot\u0119 18 pa\u017adziernika 2025 r. w godzinach 18:00 \u2013 22:00 serdecznie zapraszamy na tegoroczn\u0105 edycj\u0119 &nbsp;Nocy Bibliotek pod has\u0142em \u201eDo dzie\u0142a!\u201d. W programie imprezy: &#8222;Upoluj ksi\u0105\u017ck\u0119&#8221; &#8211; poszukiwanie ksi\u0105\u017cek ukrytych na terenie Kluczborka (szczeg\u00f3\u0142y w wydarzeniu na Facebooku; pocz\u0105tek akcji 16:00) \u201eRower to jest \u015bwiat!\u201d \u2013 spotkanie z Marcinem [&hellip;]<\/p>\n","protected":false},"author":16,"featured_media":5621,"comment_status":"open","ping_status":"open","sticky":false,"template":"","format":"standard","meta":{"ngg_post_thumbnail":0,"footnotes":""},"categories":[1],"tags":[],"_links":{"self":[{"href":"https:\/\/pp8.kluczbork.pl\/index.php?rest_route=\/wp\/v2\/posts\/5620"}],"collection":[{"href":"https:\/\/pp8.kluczbork.pl\/index.php?rest_route=\/wp\/v2\/posts"}],"about":[{"href":"https:\/\/pp8.kluczbork.pl\/index.php?rest_route=\/wp\/v2\/types\/post"}],"author":[{"embeddable":true,"href":"https:\/\/pp8.kluczbork.pl\/index.php?rest_route=\/wp\/v2\/users\/16"}],"replies":[{"embeddable":true,"href":"https:\/\/pp8.kluczbork.pl\/index.php?rest_route=%2Fwp%2Fv2%2Fcomments&post=5620"}],"version-history":[{"count":1,"href":"https:\/\/pp8.kluczbork.pl\/index.php?rest_route=\/wp\/v2\/posts\/5620\/revisions"}],"predecessor-version":[{"id":5622,"href":"https:\/\/pp8.kluczbork.pl\/index.php?rest_route=\/wp\/v2\/posts\/5620\/revisions\/5622"}],"wp:featuredmedia":[{"embeddable":true,"href":"https:\/\/pp8.kluczbork.pl\/index.php?rest_route=\/wp\/v2\/media\/5621"}],"wp:attachment":[{"href":"https:\/\/pp8.kluczbork.pl\/index.php?rest_route=%2Fwp%2Fv2%2Fmedia&parent=5620"}],"wp:term":[{"taxonomy":"category","embeddable":true,"href":"https:\/\/pp8.kluczbork.pl\/index.php?rest_route=%2Fwp%2Fv2%2Fcategories&post=5620"},{"taxonomy":"post_tag","embeddable":true,"href":"https:\/\/pp8.kluczbork.pl\/index.php?rest_route=%2Fwp%2Fv2%2Ftags&post=5620"}],"curies":[{"name":"wp","href":"https:\/\/api.w.org\/{rel}","templated":true}]}}