{"id":5592,"date":"2025-09-02T18:31:35","date_gmt":"2025-09-02T18:31:35","guid":{"rendered":"https:\/\/pp8.kluczbork.pl\/?p=5592"},"modified":"2025-09-02T18:31:35","modified_gmt":"2025-09-02T18:31:35","slug":"informacja-dla-rodzicow-6-latkow","status":"publish","type":"post","link":"https:\/\/pp8.kluczbork.pl\/?p=5592","title":{"rendered":"Informacja dla rodzic\u00f3w 6-latk\u00f3w"},"content":{"rendered":"<p style=\"text-align: center;\">Dnia <strong data-start=\"89\" data-end=\"122\"><span style=\"color: #ff0000;\">4 wrze\u015bnia 2025 r.<\/span> (czwartek)<\/strong> grupy sze\u015bciolatk\u00f3w <span style=\"color: #ff0000;\"><strong data-start=\"143\" data-end=\"159\">\u201eM\u0105dre Sowy\u201d<\/strong><\/span><br \/>\noraz<span style=\"color: #ff0000;\"> <strong data-start=\"165\" data-end=\"190\">\u201ePrzyjaciele Kubusia\u201d<\/strong><\/span> wraz z wychowawczyniami udadz\u0105 si\u0119 na wydarzenie<br \/>\n<strong data-start=\"240\" data-end=\"275\">\u201eBezpieczna Ziemia Kluczborska\u201d<\/strong> organizowane na placu przy Kinie Bajka w Kluczborku.<\/p>\n<ul data-start=\"331\" data-end=\"470\">\n<li data-start=\"331\" data-end=\"372\">\n<p style=\"text-align: center;\" data-start=\"333\" data-end=\"372\">Wyj\u015bcie z przedszkola: godz. <strong data-start=\"362\" data-end=\"370\">9:00<\/strong><\/p>\n<\/li>\n<li style=\"text-align: center;\" data-start=\"373\" data-end=\"404\">\n<p data-start=\"375\" data-end=\"404\">Powr\u00f3t: ok. godz. <strong data-start=\"393\" data-end=\"402\">12:00<\/strong><\/p>\n<\/li>\n<li style=\"text-align: center;\" data-start=\"405\" data-end=\"470\">\n<p data-start=\"407\" data-end=\"470\">\u015aniadanie wyj\u0105tkowo odb\u0119dzie si\u0119 wcze\u015bniej \u2013 o godz.<span style=\"color: #ff0000;\"> <strong data-start=\"460\" data-end=\"468\">8:30<\/strong><\/span><\/p>\n<\/li>\n<\/ul>\n<p style=\"text-align: center;\" data-start=\"472\" data-end=\"570\">Prosimy o <strong data-start=\"482\" data-end=\"519\">punktualne przyprowadzenie dzieci<\/strong> oraz dostosowanie ubioru do warunk\u00f3w pogodowych.<\/p>\n<p style=\"text-align: center;\">&nbsp;<\/p>\n","protected":false},"excerpt":{"rendered":"<p>Dnia 4 wrze\u015bnia 2025 r. (czwartek) grupy sze\u015bciolatk\u00f3w \u201eM\u0105dre Sowy\u201d oraz \u201ePrzyjaciele Kubusia\u201d wraz z wychowawczyniami udadz\u0105 si\u0119 na wydarzenie \u201eBezpieczna Ziemia Kluczborska\u201d organizowane na placu przy Kinie Bajka w Kluczborku. Wyj\u015bcie z przedszkola: godz. 9:00 Powr\u00f3t: ok. godz. 12:00 \u015aniadanie wyj\u0105tkowo odb\u0119dzie si\u0119 wcze\u015bniej \u2013 o godz. 8:30 Prosimy [&hellip;]<\/p>\n","protected":false},"author":15,"featured_media":5593,"comment_status":"open","ping_status":"open","sticky":false,"template":"","format":"standard","meta":{"ngg_post_thumbnail":0,"footnotes":""},"categories":[1],"tags":[],"_links":{"self":[{"href":"https:\/\/pp8.kluczbork.pl\/index.php?rest_route=\/wp\/v2\/posts\/5592"}],"collection":[{"href":"https:\/\/pp8.kluczbork.pl\/index.php?rest_route=\/wp\/v2\/posts"}],"about":[{"href":"https:\/\/pp8.kluczbork.pl\/index.php?rest_route=\/wp\/v2\/types\/post"}],"author":[{"embeddable":true,"href":"https:\/\/pp8.kluczbork.pl\/index.php?rest_route=\/wp\/v2\/users\/15"}],"replies":[{"embeddable":true,"href":"https:\/\/pp8.kluczbork.pl\/index.php?rest_route=%2Fwp%2Fv2%2Fcomments&post=5592"}],"version-history":[{"count":1,"href":"https:\/\/pp8.kluczbork.pl\/index.php?rest_route=\/wp\/v2\/posts\/5592\/revisions"}],"predecessor-version":[{"id":5594,"href":"https:\/\/pp8.kluczbork.pl\/index.php?rest_route=\/wp\/v2\/posts\/5592\/revisions\/5594"}],"wp:featuredmedia":[{"embeddable":true,"href":"https:\/\/pp8.kluczbork.pl\/index.php?rest_route=\/wp\/v2\/media\/5593"}],"wp:attachment":[{"href":"https:\/\/pp8.kluczbork.pl\/index.php?rest_route=%2Fwp%2Fv2%2Fmedia&parent=5592"}],"wp:term":[{"taxonomy":"category","embeddable":true,"href":"https:\/\/pp8.kluczbork.pl\/index.php?rest_route=%2Fwp%2Fv2%2Fcategories&post=5592"},{"taxonomy":"post_tag","embeddable":true,"href":"https:\/\/pp8.kluczbork.pl\/index.php?rest_route=%2Fwp%2Fv2%2Ftags&post=5592"}],"curies":[{"name":"wp","href":"https:\/\/api.w.org\/{rel}","templated":true}]}}