{"id":5585,"date":"2025-08-29T10:01:17","date_gmt":"2025-08-29T10:01:17","guid":{"rendered":"https:\/\/pp8.kluczbork.pl\/?p=5585"},"modified":"2025-09-01T17:07:52","modified_gmt":"2025-09-01T17:07:52","slug":"zabranie-z-rodzicami","status":"publish","type":"post","link":"https:\/\/pp8.kluczbork.pl\/?p=5585","title":{"rendered":"ZEBRANIE Z RODZICAMI"},"content":{"rendered":"<p style=\"font-weight: 400;\"><span style=\"color: #ff0000;\"><strong>Zapraszamy wszystkich rodzic\u00f3w na zebranie organizacyjne!<\/strong><\/span><\/p>\n<p style=\"font-weight: 400;\"><span style=\"color: #0000ff;\"><strong>&#8211; Kluczbork: &nbsp;<span style=\"font-family: 'comic sans ms', sans-serif;\">04.09.2025 godz.17.00<\/span><\/strong><\/span><\/p>\n<p style=\"font-weight: 400;\"><span style=\"color: #008000;\"><strong>&#8211; Ligota G\u00f3rna: <span style=\"font-family: 'comic sans ms', sans-serif;\">08.09.2025 godz.16.00<\/span><\/strong><\/span><\/p>\n<p style=\"font-weight: 400;\"><span style=\"color: #993366;\"><strong>&#8211; Smardy G\u00f3rne: <span style=\"font-family: 'comic sans ms', sans-serif;\">10.09.2025 godz.16.00&nbsp;<\/span><\/strong><\/span><\/p>\n<p style=\"font-weight: 400;\"><span style=\"color: #ff6600;\"><strong>Tematyka zebrania:<\/strong><\/span><\/p>\n<ul style=\"font-weight: 400;\">\n<li><span style=\"color: #0000ff;\">Organizacyjne aspekty nowego roku szkolnego.<\/span><\/li>\n<li><span style=\"color: #0000ff;\">Wprowadzenie nowych program\u00f3w i zaj\u0119\u0107.<\/span><\/li>\n<li><span style=\"color: #0000ff;\">Om\u00f3wienie planowanych wycieczek i wydarze\u0144.<\/span><\/li>\n<li><span style=\"color: #0000ff;\">Wsp\u00f3lne ustalenia i pytania rodzic\u00f3w.<\/span><\/li>\n<\/ul>\n<p style=\"font-weight: 400;\"><span style=\"color: #ff0000;\">Obecno\u015b\u0107 jest bardzo wa\u017cna, poniewa\u017c b\u0119dziemy omawia\u0107 kluczowe kwestie <\/span><br \/>\n<span style=\"color: #ff0000;\">dotycz\u0105ce funkcjonowania przedszkola oraz dobrostanu Pa\u0144stwa dzieci.<\/span><\/p>\n<p style=\"font-weight: 400;\"><strong><span style=\"color: #ff0000;\">Do zobaczenia!<br \/>\nDyrekcja i Nauczyciele Przedszkola<\/span><\/strong><\/p>\n","protected":false},"excerpt":{"rendered":"<p>Zapraszamy wszystkich rodzic\u00f3w na zebranie organizacyjne! &#8211; Kluczbork: &nbsp;04.09.2025 godz.17.00 &#8211; Ligota G\u00f3rna: 08.09.2025 godz.16.00 &#8211; Smardy G\u00f3rne: 10.09.2025 godz.16.00&nbsp; Tematyka zebrania: Organizacyjne aspekty nowego roku szkolnego. Wprowadzenie nowych program\u00f3w i zaj\u0119\u0107. Om\u00f3wienie planowanych wycieczek i wydarze\u0144. Wsp\u00f3lne ustalenia i pytania rodzic\u00f3w. Obecno\u015b\u0107 jest bardzo wa\u017cna, poniewa\u017c b\u0119dziemy omawia\u0107 kluczowe [&hellip;]<\/p>\n","protected":false},"author":16,"featured_media":0,"comment_status":"open","ping_status":"open","sticky":false,"template":"","format":"standard","meta":{"ngg_post_thumbnail":0,"footnotes":""},"categories":[1],"tags":[],"_links":{"self":[{"href":"https:\/\/pp8.kluczbork.pl\/index.php?rest_route=\/wp\/v2\/posts\/5585"}],"collection":[{"href":"https:\/\/pp8.kluczbork.pl\/index.php?rest_route=\/wp\/v2\/posts"}],"about":[{"href":"https:\/\/pp8.kluczbork.pl\/index.php?rest_route=\/wp\/v2\/types\/post"}],"author":[{"embeddable":true,"href":"https:\/\/pp8.kluczbork.pl\/index.php?rest_route=\/wp\/v2\/users\/16"}],"replies":[{"embeddable":true,"href":"https:\/\/pp8.kluczbork.pl\/index.php?rest_route=%2Fwp%2Fv2%2Fcomments&post=5585"}],"version-history":[{"count":2,"href":"https:\/\/pp8.kluczbork.pl\/index.php?rest_route=\/wp\/v2\/posts\/5585\/revisions"}],"predecessor-version":[{"id":5590,"href":"https:\/\/pp8.kluczbork.pl\/index.php?rest_route=\/wp\/v2\/posts\/5585\/revisions\/5590"}],"wp:attachment":[{"href":"https:\/\/pp8.kluczbork.pl\/index.php?rest_route=%2Fwp%2Fv2%2Fmedia&parent=5585"}],"wp:term":[{"taxonomy":"category","embeddable":true,"href":"https:\/\/pp8.kluczbork.pl\/index.php?rest_route=%2Fwp%2Fv2%2Fcategories&post=5585"},{"taxonomy":"post_tag","embeddable":true,"href":"https:\/\/pp8.kluczbork.pl\/index.php?rest_route=%2Fwp%2Fv2%2Ftags&post=5585"}],"curies":[{"name":"wp","href":"https:\/\/api.w.org\/{rel}","templated":true}]}}