{"id":5555,"date":"2025-06-26T15:34:11","date_gmt":"2025-06-26T15:34:11","guid":{"rendered":"https:\/\/pp8.kluczbork.pl\/?p=5555"},"modified":"2025-06-26T15:34:11","modified_gmt":"2025-06-26T15:34:11","slug":"bezpieczne-wakacje-wizyta-przedstawiciela-policji-i-straz-pozarna-w-przedszkolu","status":"publish","type":"post","link":"https:\/\/pp8.kluczbork.pl\/?p=5555","title":{"rendered":"BEZPIECZNE  WAKACJE &#8211; WIZYTA PRZEDSTAWICIELA POLICJI I STRA\u017b PO\u017bARNA  W PRZEDSZKOLU"},"content":{"rendered":"<p>Celem naszych spotka\u0144 z policj\u0105 i stra\u017c\u0105 po\u017carn\u0105\u00a0 by\u0142o om\u00f3wienie z dzie\u0107mi podstawowych zasad bezpiecznego zachowania podczas wakacji , w tym post\u0119powania w sytuacji zagro\u017cenia zdrowia i \u017cycia.<\/p>\n<p><a href=\"https:\/\/flic.kr\/s\/aHBqjCjwbL\">Galeria zdj\u0119\u0107<\/a><\/p>\n<p>\u017byczymy Wszystkim s\u0142onecznych i bezpiecznych wakacji!<\/p>\n","protected":false},"excerpt":{"rendered":"<p>Celem naszych spotka\u0144 z policj\u0105 i stra\u017c\u0105 po\u017carn\u0105\u00a0 by\u0142o om\u00f3wienie z dzie\u0107mi podstawowych zasad bezpiecznego zachowania podczas wakacji , w tym post\u0119powania w sytuacji zagro\u017cenia zdrowia i \u017cycia. Galeria zdj\u0119\u0107 \u017byczymy Wszystkim s\u0142onecznych i bezpiecznych wakacji!<\/p>\n","protected":false},"author":4,"featured_media":5556,"comment_status":"open","ping_status":"open","sticky":false,"template":"","format":"standard","meta":{"ngg_post_thumbnail":0,"footnotes":""},"categories":[31],"tags":[],"_links":{"self":[{"href":"https:\/\/pp8.kluczbork.pl\/index.php?rest_route=\/wp\/v2\/posts\/5555"}],"collection":[{"href":"https:\/\/pp8.kluczbork.pl\/index.php?rest_route=\/wp\/v2\/posts"}],"about":[{"href":"https:\/\/pp8.kluczbork.pl\/index.php?rest_route=\/wp\/v2\/types\/post"}],"author":[{"embeddable":true,"href":"https:\/\/pp8.kluczbork.pl\/index.php?rest_route=\/wp\/v2\/users\/4"}],"replies":[{"embeddable":true,"href":"https:\/\/pp8.kluczbork.pl\/index.php?rest_route=%2Fwp%2Fv2%2Fcomments&post=5555"}],"version-history":[{"count":1,"href":"https:\/\/pp8.kluczbork.pl\/index.php?rest_route=\/wp\/v2\/posts\/5555\/revisions"}],"predecessor-version":[{"id":5557,"href":"https:\/\/pp8.kluczbork.pl\/index.php?rest_route=\/wp\/v2\/posts\/5555\/revisions\/5557"}],"wp:featuredmedia":[{"embeddable":true,"href":"https:\/\/pp8.kluczbork.pl\/index.php?rest_route=\/wp\/v2\/media\/5556"}],"wp:attachment":[{"href":"https:\/\/pp8.kluczbork.pl\/index.php?rest_route=%2Fwp%2Fv2%2Fmedia&parent=5555"}],"wp:term":[{"taxonomy":"category","embeddable":true,"href":"https:\/\/pp8.kluczbork.pl\/index.php?rest_route=%2Fwp%2Fv2%2Fcategories&post=5555"},{"taxonomy":"post_tag","embeddable":true,"href":"https:\/\/pp8.kluczbork.pl\/index.php?rest_route=%2Fwp%2Fv2%2Ftags&post=5555"}],"curies":[{"name":"wp","href":"https:\/\/api.w.org\/{rel}","templated":true}]}}