{"id":5517,"date":"2025-05-21T17:32:06","date_gmt":"2025-05-21T17:32:06","guid":{"rendered":"https:\/\/pp8.kluczbork.pl\/?p=5517"},"modified":"2025-05-21T17:38:25","modified_gmt":"2025-05-21T17:38:25","slug":"5517","status":"publish","type":"post","link":"https:\/\/pp8.kluczbork.pl\/?p=5517","title":{"rendered":"Pierwsza Pomoc"},"content":{"rendered":"<p style=\"font-weight: 400;\"><span style=\"color: #993366;\">Dzieci &nbsp;6 letnie z naszego przedszkola &nbsp;mia\u0142y dzisiaj wyj\u0105tkow\u0105 okazj\u0119 spotka\u0107 si\u0119 ze stra\u017cakami z <span style=\"color: #333399;\"><strong>Ochotniczej Stra\u017cy Po\u017carnej w Kuniowie<\/strong><\/span> <span style=\"color: #ff0000;\"><strong>w ramach realizacji projektu \u201eOd maluch\u00f3w do starszak\u00f3w\u201d.<br \/>\n<\/strong><\/span><\/span><span style=\"color: #993366;\">Celem wizyty by\u0142o nie tylko zapoznanie dzieci z wa\u017cn\u0105 rol\u0105 stra\u017caka w spo\u0142ecze\u0144stwie, ale przede wszystkim nauk\u0105 podstawowych zasad udzielania pierwszej pomocy, dostosowanych do ich wieku.<br \/>\n<\/span><span style=\"color: #993366;\">&nbsp; &nbsp; &nbsp; &nbsp; &nbsp; Spotkanie rozpocz\u0119\u0142o si\u0119 od kr\u00f3tkiego powitania i przedstawienia go\u015bci w mundurach, co od razu wzbudzi\u0142o ogromne zainteresowanie w\u015br\u00f3d przedszkolak\u00f3w. Dzieci z zaciekawieniem s\u0142ucha\u0142y opowie\u015bci o codziennej pracy stra\u017cak\u00f3w i ich misji ratowania \u017cycia.<br \/>\n<\/span><span style=\"color: #993366;\">&nbsp; &nbsp; &nbsp; &nbsp; &nbsp;Stra\u017cacy, wykorzystuj\u0105c <strong>elementy zabawy i interakcji<\/strong> omawiali kluczowe zagadnie\u0144 z zakresu pierwszej pomocy. Dzieci dowiedzia\u0142y si\u0119, jak wa\u017cne jest&nbsp;<strong>zg\u0142aszanie wypadku<\/strong>&nbsp;i wezwanie pomocy \u2013 wielokrotnie powtarzane numery alarmowe&nbsp;<strong>112 i 998<\/strong>&nbsp;na pewno zapad\u0142y im w pami\u0119\u0107.<br \/>\n<\/span><span style=\"color: #993366;\">&nbsp; &nbsp; &nbsp; &nbsp;Om\u00f3wiono r\u00f3wnie\u017c znaczenie <strong>oceny miejsca zdarzenia<\/strong>, aby upewni\u0107 si\u0119, \u017ce jest ono bezpieczne przed podj\u0119ciem jakichkolwiek dzia\u0142a\u0144. Szczeg\u00f3ln\u0105 uwag\u0119 po\u015bwi\u0119cono&nbsp;<strong>sprawdzaniu przytomno\u015bci<\/strong>&nbsp;\u2013 stra\u017cacy zademonstrowali, jak delikatnie potrz\u0105sn\u0105\u0107 osob\u0105 i g\u0142o\u015bno do niej m\u00f3wi\u0107, by sprawdzi\u0107 jej reakcj\u0119. Co wi\u0119cej, dzieci mia\u0142y okazj\u0119, pod czujnym okiem stra\u017cak\u00f3w, spr\u00f3bowa\u0107&nbsp;<strong>demonstracji i pr\u00f3b reanimacji<\/strong>&nbsp;na fantomie, co by\u0142o dla nich niezwyk\u0142ym do\u015bwiadczeniem. Poruszono tak\u017ce temat&nbsp;<strong>prostych ran i skalecze\u0144<\/strong>, ucz\u0105c dzieci, \u017ce w takich sytuacjach zawsze nale\u017cy powiadomi\u0107 doros\u0142ych i unika\u0107 dotykania rany.<\/span><\/p>\n<p style=\"font-weight: 400;\"><span style=\"color: #993366;\"><strong>Spotkanie to by\u0142o cenn\u0105 lekcj\u0105 bezpiecze\u0144stwa i odpowiedzialno\u015bci, przekazan\u0105 w spos\u00f3b przyst\u0119pny i anga\u017cuj\u0105cy. Dzi\u0119kujemy stra\u017cak\u00f3w z OSP Kuni\u00f3w, przedszkolaki zyska\u0142y podstawow\u0105 wiedz\u0119, kt\u00f3ra mo\u017ce okaza\u0107 si\u0119 bezcenna w sytuacjach zagro\u017cenia.<br \/>\n<\/strong><\/span><span style=\"color: #993366;\"><a style=\"color: #993366;\" href=\"https:\/\/flic.kr\/s\/aHBqjCeYwY\">Galeria&nbsp;<\/a><\/span><\/p>\n<p>&nbsp;<\/p>\n","protected":false},"excerpt":{"rendered":"<p>Dzieci &nbsp;6 letnie z naszego przedszkola &nbsp;mia\u0142y dzisiaj wyj\u0105tkow\u0105 okazj\u0119 spotka\u0107 si\u0119 ze stra\u017cakami z Ochotniczej Stra\u017cy Po\u017carnej w Kuniowie w ramach realizacji projektu \u201eOd maluch\u00f3w do starszak\u00f3w\u201d. Celem wizyty by\u0142o nie tylko zapoznanie dzieci z wa\u017cn\u0105 rol\u0105 stra\u017caka w spo\u0142ecze\u0144stwie, ale przede wszystkim nauk\u0105 podstawowych zasad udzielania pierwszej pomocy, [&hellip;]<\/p>\n","protected":false},"author":16,"featured_media":5518,"comment_status":"open","ping_status":"open","sticky":false,"template":"","format":"standard","meta":{"ngg_post_thumbnail":0,"footnotes":""},"categories":[279,29,30,1,275],"tags":[],"_links":{"self":[{"href":"https:\/\/pp8.kluczbork.pl\/index.php?rest_route=\/wp\/v2\/posts\/5517"}],"collection":[{"href":"https:\/\/pp8.kluczbork.pl\/index.php?rest_route=\/wp\/v2\/posts"}],"about":[{"href":"https:\/\/pp8.kluczbork.pl\/index.php?rest_route=\/wp\/v2\/types\/post"}],"author":[{"embeddable":true,"href":"https:\/\/pp8.kluczbork.pl\/index.php?rest_route=\/wp\/v2\/users\/16"}],"replies":[{"embeddable":true,"href":"https:\/\/pp8.kluczbork.pl\/index.php?rest_route=%2Fwp%2Fv2%2Fcomments&post=5517"}],"version-history":[{"count":5,"href":"https:\/\/pp8.kluczbork.pl\/index.php?rest_route=\/wp\/v2\/posts\/5517\/revisions"}],"predecessor-version":[{"id":5523,"href":"https:\/\/pp8.kluczbork.pl\/index.php?rest_route=\/wp\/v2\/posts\/5517\/revisions\/5523"}],"wp:featuredmedia":[{"embeddable":true,"href":"https:\/\/pp8.kluczbork.pl\/index.php?rest_route=\/wp\/v2\/media\/5518"}],"wp:attachment":[{"href":"https:\/\/pp8.kluczbork.pl\/index.php?rest_route=%2Fwp%2Fv2%2Fmedia&parent=5517"}],"wp:term":[{"taxonomy":"category","embeddable":true,"href":"https:\/\/pp8.kluczbork.pl\/index.php?rest_route=%2Fwp%2Fv2%2Fcategories&post=5517"},{"taxonomy":"post_tag","embeddable":true,"href":"https:\/\/pp8.kluczbork.pl\/index.php?rest_route=%2Fwp%2Fv2%2Ftags&post=5517"}],"curies":[{"name":"wp","href":"https:\/\/api.w.org\/{rel}","templated":true}]}}