{"id":5488,"date":"2025-04-25T14:43:41","date_gmt":"2025-04-25T14:43:41","guid":{"rendered":"https:\/\/pp8.kluczbork.pl\/?p=5488"},"modified":"2025-04-25T14:43:41","modified_gmt":"2025-04-25T14:43:41","slug":"wlochy-kraj-ue","status":"publish","type":"post","link":"https:\/\/pp8.kluczbork.pl\/?p=5488","title":{"rendered":"W\u0142ochy &#8211; kraj UE"},"content":{"rendered":"<p><span style=\"font-family: 'comic sans ms', sans-serif; font-size: 18pt; color: #339966;\">25 kwietnia nasze starszaki w ramach Klubu Europejskiego przenios\u0142y si\u0119 do W\u0142och.&nbsp; Pozna\u0142y kilka ciekawostek dotycz\u0105cych kultury, zabytk\u00f3w, muzyki i kuchni, tego pi\u0119knego kraju. Pokolorowa\u0142y flag\u0119 tego pa\u0144stwa.&nbsp; Zata\u0144czy\u0142y taniec \u201eTarantella\u201d do w\u0142oskiej muzyki.&nbsp;<\/span><\/p>\n<p><a href=\"https:\/\/flic.kr\/s\/aHBqjCaZyr\" target=\"_blank\" rel=\"noopener\"><span style=\"font-family: 'comic sans ms', sans-serif; font-size: 18pt; color: #339966;\">link do zdj\u0119\u0107<\/span><\/a><\/p>\n<p>&nbsp;<\/p>\n<p><img loading=\"lazy\" decoding=\"async\" class=\"alignnone  wp-image-5489\" src=\"https:\/\/pp8.kluczbork.pl\/wp-content\/uploads\/2025\/04\/WhatsApp-Image-2025-04-25-at-13.21.59-1-225x300.jpeg\" alt=\"\" width=\"328\" height=\"437\" srcset=\"https:\/\/pp8.kluczbork.pl\/wp-content\/uploads\/2025\/04\/WhatsApp-Image-2025-04-25-at-13.21.59-1-225x300.jpeg 225w, https:\/\/pp8.kluczbork.pl\/wp-content\/uploads\/2025\/04\/WhatsApp-Image-2025-04-25-at-13.21.59-1-768x1024.jpeg 768w, https:\/\/pp8.kluczbork.pl\/wp-content\/uploads\/2025\/04\/WhatsApp-Image-2025-04-25-at-13.21.59-1-1152x1536.jpeg 1152w, https:\/\/pp8.kluczbork.pl\/wp-content\/uploads\/2025\/04\/WhatsApp-Image-2025-04-25-at-13.21.59-1.jpeg 1536w\" sizes=\"(max-width: 328px) 100vw, 328px\" \/> <img loading=\"lazy\" decoding=\"async\" class=\"alignnone  wp-image-5490\" src=\"https:\/\/pp8.kluczbork.pl\/wp-content\/uploads\/2025\/04\/WhatsApp-Image-2025-04-25-at-13.21.59-225x300.jpeg\" alt=\"\" width=\"327\" height=\"436\" srcset=\"https:\/\/pp8.kluczbork.pl\/wp-content\/uploads\/2025\/04\/WhatsApp-Image-2025-04-25-at-13.21.59-225x300.jpeg 225w, https:\/\/pp8.kluczbork.pl\/wp-content\/uploads\/2025\/04\/WhatsApp-Image-2025-04-25-at-13.21.59-768x1024.jpeg 768w, https:\/\/pp8.kluczbork.pl\/wp-content\/uploads\/2025\/04\/WhatsApp-Image-2025-04-25-at-13.21.59-1152x1536.jpeg 1152w, https:\/\/pp8.kluczbork.pl\/wp-content\/uploads\/2025\/04\/WhatsApp-Image-2025-04-25-at-13.21.59.jpeg 1536w\" sizes=\"(max-width: 327px) 100vw, 327px\" \/><\/p>\n","protected":false},"excerpt":{"rendered":"<p>25 kwietnia nasze starszaki w ramach Klubu Europejskiego przenios\u0142y si\u0119 do W\u0142och.&nbsp; Pozna\u0142y kilka ciekawostek dotycz\u0105cych kultury, zabytk\u00f3w, muzyki i kuchni, tego pi\u0119knego kraju. Pokolorowa\u0142y flag\u0119 tego pa\u0144stwa.&nbsp; Zata\u0144czy\u0142y taniec \u201eTarantella\u201d do w\u0142oskiej muzyki.&nbsp; link do zdj\u0119\u0107 &nbsp;<\/p>\n","protected":false},"author":15,"featured_media":5491,"comment_status":"open","ping_status":"open","sticky":false,"template":"","format":"standard","meta":{"ngg_post_thumbnail":0,"footnotes":""},"categories":[286],"tags":[],"_links":{"self":[{"href":"https:\/\/pp8.kluczbork.pl\/index.php?rest_route=\/wp\/v2\/posts\/5488"}],"collection":[{"href":"https:\/\/pp8.kluczbork.pl\/index.php?rest_route=\/wp\/v2\/posts"}],"about":[{"href":"https:\/\/pp8.kluczbork.pl\/index.php?rest_route=\/wp\/v2\/types\/post"}],"author":[{"embeddable":true,"href":"https:\/\/pp8.kluczbork.pl\/index.php?rest_route=\/wp\/v2\/users\/15"}],"replies":[{"embeddable":true,"href":"https:\/\/pp8.kluczbork.pl\/index.php?rest_route=%2Fwp%2Fv2%2Fcomments&post=5488"}],"version-history":[{"count":1,"href":"https:\/\/pp8.kluczbork.pl\/index.php?rest_route=\/wp\/v2\/posts\/5488\/revisions"}],"predecessor-version":[{"id":5492,"href":"https:\/\/pp8.kluczbork.pl\/index.php?rest_route=\/wp\/v2\/posts\/5488\/revisions\/5492"}],"wp:featuredmedia":[{"embeddable":true,"href":"https:\/\/pp8.kluczbork.pl\/index.php?rest_route=\/wp\/v2\/media\/5491"}],"wp:attachment":[{"href":"https:\/\/pp8.kluczbork.pl\/index.php?rest_route=%2Fwp%2Fv2%2Fmedia&parent=5488"}],"wp:term":[{"taxonomy":"category","embeddable":true,"href":"https:\/\/pp8.kluczbork.pl\/index.php?rest_route=%2Fwp%2Fv2%2Fcategories&post=5488"},{"taxonomy":"post_tag","embeddable":true,"href":"https:\/\/pp8.kluczbork.pl\/index.php?rest_route=%2Fwp%2Fv2%2Ftags&post=5488"}],"curies":[{"name":"wp","href":"https:\/\/api.w.org\/{rel}","templated":true}]}}