{"id":5483,"date":"2025-04-25T14:37:18","date_gmt":"2025-04-25T14:37:18","guid":{"rendered":"https:\/\/pp8.kluczbork.pl\/?p=5483"},"modified":"2025-04-25T14:37:18","modified_gmt":"2025-04-25T14:37:18","slug":"portugalia-kraj-ue","status":"publish","type":"post","link":"https:\/\/pp8.kluczbork.pl\/?p=5483","title":{"rendered":"Portugalia &#8211; kraj UE"},"content":{"rendered":"<p><span style=\"font-family: 'comic sans ms', sans-serif; font-size: 18pt; color: #008000;\">18 kwietnia dzieci z grupy &#8222;Przyjaciele Kubusia&#8221; w ramach Klubu Europejskiego pozna\u0142y wiele ciekawych informacji dotycz\u0105cych Portugalii.<\/span><\/p>\n<p><a href=\"https:\/\/flic.kr\/s\/aHBqjCaZyS\" target=\"_blank\" rel=\"noopener\"><span style=\"font-family: 'comic sans ms', sans-serif; font-size: 18pt; color: #008000;\">link do zdj\u0119\u0107<\/span><\/a><\/p>\n<p>&nbsp;<\/p>\n<p><img loading=\"lazy\" decoding=\"async\" class=\"alignnone  wp-image-5485\" src=\"https:\/\/pp8.kluczbork.pl\/wp-content\/uploads\/2025\/04\/WhatsApp-Image-2025-04-25-at-12.46.55-169x300.jpeg\" alt=\"\" width=\"233\" height=\"414\" srcset=\"https:\/\/pp8.kluczbork.pl\/wp-content\/uploads\/2025\/04\/WhatsApp-Image-2025-04-25-at-12.46.55-169x300.jpeg 169w, https:\/\/pp8.kluczbork.pl\/wp-content\/uploads\/2025\/04\/WhatsApp-Image-2025-04-25-at-12.46.55-576x1024.jpeg 576w, https:\/\/pp8.kluczbork.pl\/wp-content\/uploads\/2025\/04\/WhatsApp-Image-2025-04-25-at-12.46.55-768x1365.jpeg 768w, https:\/\/pp8.kluczbork.pl\/wp-content\/uploads\/2025\/04\/WhatsApp-Image-2025-04-25-at-12.46.55-864x1536.jpeg 864w, https:\/\/pp8.kluczbork.pl\/wp-content\/uploads\/2025\/04\/WhatsApp-Image-2025-04-25-at-12.46.55.jpeg 1152w\" sizes=\"(max-width: 233px) 100vw, 233px\" \/> <img loading=\"lazy\" decoding=\"async\" class=\"alignnone  wp-image-5486\" src=\"https:\/\/pp8.kluczbork.pl\/wp-content\/uploads\/2025\/04\/WhatsApp-Image-2025-04-25-at-12.46.45-300x169.jpeg\" alt=\"\" width=\"550\" height=\"310\" srcset=\"https:\/\/pp8.kluczbork.pl\/wp-content\/uploads\/2025\/04\/WhatsApp-Image-2025-04-25-at-12.46.45-300x169.jpeg 300w, https:\/\/pp8.kluczbork.pl\/wp-content\/uploads\/2025\/04\/WhatsApp-Image-2025-04-25-at-12.46.45-1024x576.jpeg 1024w, https:\/\/pp8.kluczbork.pl\/wp-content\/uploads\/2025\/04\/WhatsApp-Image-2025-04-25-at-12.46.45-768x432.jpeg 768w, https:\/\/pp8.kluczbork.pl\/wp-content\/uploads\/2025\/04\/WhatsApp-Image-2025-04-25-at-12.46.45-1536x864.jpeg 1536w, https:\/\/pp8.kluczbork.pl\/wp-content\/uploads\/2025\/04\/WhatsApp-Image-2025-04-25-at-12.46.45.jpeg 2048w\" sizes=\"(max-width: 550px) 100vw, 550px\" \/><\/p>\n","protected":false},"excerpt":{"rendered":"<p>18 kwietnia dzieci z grupy &#8222;Przyjaciele Kubusia&#8221; w ramach Klubu Europejskiego pozna\u0142y wiele ciekawych informacji dotycz\u0105cych Portugalii. link do zdj\u0119\u0107 &nbsp;<\/p>\n","protected":false},"author":15,"featured_media":5484,"comment_status":"open","ping_status":"open","sticky":false,"template":"","format":"standard","meta":{"ngg_post_thumbnail":0,"footnotes":""},"categories":[286],"tags":[],"_links":{"self":[{"href":"https:\/\/pp8.kluczbork.pl\/index.php?rest_route=\/wp\/v2\/posts\/5483"}],"collection":[{"href":"https:\/\/pp8.kluczbork.pl\/index.php?rest_route=\/wp\/v2\/posts"}],"about":[{"href":"https:\/\/pp8.kluczbork.pl\/index.php?rest_route=\/wp\/v2\/types\/post"}],"author":[{"embeddable":true,"href":"https:\/\/pp8.kluczbork.pl\/index.php?rest_route=\/wp\/v2\/users\/15"}],"replies":[{"embeddable":true,"href":"https:\/\/pp8.kluczbork.pl\/index.php?rest_route=%2Fwp%2Fv2%2Fcomments&post=5483"}],"version-history":[{"count":1,"href":"https:\/\/pp8.kluczbork.pl\/index.php?rest_route=\/wp\/v2\/posts\/5483\/revisions"}],"predecessor-version":[{"id":5487,"href":"https:\/\/pp8.kluczbork.pl\/index.php?rest_route=\/wp\/v2\/posts\/5483\/revisions\/5487"}],"wp:featuredmedia":[{"embeddable":true,"href":"https:\/\/pp8.kluczbork.pl\/index.php?rest_route=\/wp\/v2\/media\/5484"}],"wp:attachment":[{"href":"https:\/\/pp8.kluczbork.pl\/index.php?rest_route=%2Fwp%2Fv2%2Fmedia&parent=5483"}],"wp:term":[{"taxonomy":"category","embeddable":true,"href":"https:\/\/pp8.kluczbork.pl\/index.php?rest_route=%2Fwp%2Fv2%2Fcategories&post=5483"},{"taxonomy":"post_tag","embeddable":true,"href":"https:\/\/pp8.kluczbork.pl\/index.php?rest_route=%2Fwp%2Fv2%2Ftags&post=5483"}],"curies":[{"name":"wp","href":"https:\/\/api.w.org\/{rel}","templated":true}]}}