{"id":5428,"date":"2025-03-24T10:09:59","date_gmt":"2025-03-24T10:09:59","guid":{"rendered":"https:\/\/pp8.kluczbork.pl\/?p=5428"},"modified":"2025-03-24T15:31:59","modified_gmt":"2025-03-24T15:31:59","slug":"razem-nakarmimy-kocie-brzuszki","status":"publish","type":"post","link":"https:\/\/pp8.kluczbork.pl\/?p=5428","title":{"rendered":"RAZEM NAKARMIMY KOCIE BRZUSZKI"},"content":{"rendered":"<p style=\"vertical-align: baseline; font-family: Roboto; font-size: 14px; border: 0px; padding: 0px; margin: 0px 0px 25px; background-image: initial; background-position: 0px 0px; background-size: initial; background-repeat: initial; background-attachment: initial; color: #141414;\" align=\"center\"><span style=\"vertical-align: baseline; font-weight: inherit; font-family: inherit; font-style: inherit; border: 0px; padding: 0px; margin: 0px; background: 0px 0px; color: #993300;\"><span style=\"vertical-align: baseline; font-weight: inherit; font-family: 'Times New Roman', serif; font-style: inherit; border: 0px; padding: 0px; margin: 0px; background: 0px 0px;\"><span style=\"vertical-align: baseline; font-weight: inherit; font-family: inherit; font-style: inherit; font-size: xx-large; border: 0px; padding: 0px; margin: 0px; background: 0px 0px;\">Ju\u017c kolejny rok zapraszamy ca\u0142\u0105 spo\u0142eczno\u015b\u0107 przedszkola do wsp\u00f3lnej akcji RAZEM NAKARMIMY KOCIE BRZUSZKI.<\/span><\/span><\/span><\/p>\n<p style=\"vertical-align: baseline; font-family: Roboto; font-size: 14px; border: 0px; padding: 0px; margin: 0px 0px 25px; background-image: initial; background-position: 0px 0px; background-size: initial; background-repeat: initial; background-attachment: initial; color: #141414;\" align=\"center\"><span style=\"vertical-align: baseline; font-weight: inherit; font-family: inherit; font-style: inherit; border: 0px; padding: 0px; margin: 0px; background: 0px 0px; color: #993300;\"><span style=\"vertical-align: baseline; font-weight: inherit; font-family: 'Times New Roman', serif; font-style: inherit; border: 0px; padding: 0px; margin: 0px; background: 0px 0px;\"><span style=\"vertical-align: baseline; font-weight: inherit; font-family: inherit; font-style: inherit; font-size: xx-large; border: 0px; padding: 0px; margin: 0px; background: 0px 0px;\">Zbieramy karm\u0119 dla kot\u00f3w z&nbsp;&nbsp;<br style=\"vertical-align: baseline; font-weight: inherit; font-family: inherit; font-style: inherit; font-size: 32px; border: 0px none; padding: 0px; margin: 0px;\">AZYLU PS\u00d3W ZAPOMNIANYCH z Wo\u0142czyna<\/span><\/span><\/span><span style=\"vertical-align: baseline; font-weight: inherit; font-family: inherit; font-style: inherit; border: 0px; padding: 0px; margin: 0px; background: 0px 0px; color: #993300;\"><span style=\"vertical-align: baseline; font-weight: inherit; font-family: 'Times New Roman', serif; font-style: inherit; border: 0px; padding: 0px; margin: 0px; background: 0px 0px;\"><span style=\"vertical-align: baseline; font-weight: inherit; font-family: inherit; font-style: inherit; font-size: xx-large; border: 0px; padding: 0px; margin: 0px; background: 0px 0px;\">.<\/span><\/span><span style=\"vertical-align: baseline; font-weight: inherit; font-family: 'Times New Roman', serif; font-style: inherit; border: 0px; padding: 0px; margin: 0px; background: 0px 0px;\"><span style=\"vertical-align: baseline; font-weight: inherit; font-family: inherit; font-style: inherit; font-size: xx-large; border: 0px; padding: 0px; margin: 0px; background: 0px 0px;\"><br style=\"vertical-align: baseline; font-weight: inherit; font-family: inherit; font-style: inherit; font-size: 32px; border: 0px none; padding: 0px; margin: 0px;\"><\/span><\/span><span style=\"vertical-align: baseline; font-weight: inherit; font-family: 'Times New Roman', serif; font-style: inherit; border: 0px; padding: 0px; margin: 0px; background: 0px 0px;\"><span style=\"vertical-align: baseline; font-weight: inherit; font-family: inherit; font-style: inherit; font-size: xx-large; border: 0px; padding: 0px; margin: 0px; background: 0px 0px;\">Karm\u0119 (oryginalnie zamkni\u0119t\u0105 oraz z jak najd\u0142u\u017csz\u0105 dat\u0105 wa\u017cno\u015bci) prosimy przynosi\u0107 do przedszkola. Zostanie ona zebrana po zako\u0144czeniu zbi\u00f3rki.<\/span><\/span><\/span><\/p>\n<p style=\"vertical-align: baseline; font-family: Roboto; font-size: 14px; border: 0px; padding: 0px; margin: 0px 0px 25px; background-image: initial; background-position: 0px 0px; background-size: initial; background-repeat: initial; background-attachment: initial; color: #141414;\" align=\"center\"><span style=\"vertical-align: baseline; font-weight: inherit; font-family: inherit; font-style: inherit; border: 0px; padding: 0px; margin: 0px; background: 0px 0px; color: #993300;\"><span style=\"vertical-align: baseline; font-weight: inherit; font-family: 'Times New Roman', serif; font-style: inherit; border: 0px; padding: 0px; margin: 0px; background: 0px 0px;\"><span style=\"vertical-align: baseline; font-weight: inherit; font-family: inherit; font-style: inherit; font-size: xx-large; border: 0px; padding: 0px; margin: 0px; background: 0px 0px;\">Akcja trwa do 4 kwietnia 2025r.<\/span><\/span><\/span><\/p>\n<p align=\"center\">&nbsp; &nbsp; <img loading=\"lazy\" decoding=\"async\" class=\"alignnone size-full wp-image-5436\" src=\"https:\/\/pp8.kluczbork.pl\/wp-content\/uploads\/2025\/03\/FB_IMG_1742738564485.jpg\" alt=\"\" width=\"146\" height=\"148\" srcset=\"https:\/\/pp8.kluczbork.pl\/wp-content\/uploads\/2025\/03\/FB_IMG_1742738564485.jpg 146w, https:\/\/pp8.kluczbork.pl\/wp-content\/uploads\/2025\/03\/FB_IMG_1742738564485-90x90.jpg 90w\" sizes=\"(max-width: 146px) 100vw, 146px\" \/><\/p>\n","protected":false},"excerpt":{"rendered":"<p>Ju\u017c kolejny rok zapraszamy ca\u0142\u0105 spo\u0142eczno\u015b\u0107 przedszkola do wsp\u00f3lnej akcji RAZEM NAKARMIMY KOCIE BRZUSZKI. Zbieramy karm\u0119 dla kot\u00f3w z&nbsp;&nbsp;AZYLU PS\u00d3W ZAPOMNIANYCH z Wo\u0142czyna.Karm\u0119 (oryginalnie zamkni\u0119t\u0105 oraz z jak najd\u0142u\u017csz\u0105 dat\u0105 wa\u017cno\u015bci) prosimy przynosi\u0107 do przedszkola. Zostanie ona zebrana po zako\u0144czeniu zbi\u00f3rki. Akcja trwa do 4 kwietnia 2025r. &nbsp; &nbsp;<\/p>\n","protected":false},"author":20,"featured_media":5437,"comment_status":"open","ping_status":"open","sticky":false,"template":"","format":"standard","meta":{"ngg_post_thumbnail":0,"footnotes":""},"categories":[1],"tags":[],"_links":{"self":[{"href":"https:\/\/pp8.kluczbork.pl\/index.php?rest_route=\/wp\/v2\/posts\/5428"}],"collection":[{"href":"https:\/\/pp8.kluczbork.pl\/index.php?rest_route=\/wp\/v2\/posts"}],"about":[{"href":"https:\/\/pp8.kluczbork.pl\/index.php?rest_route=\/wp\/v2\/types\/post"}],"author":[{"embeddable":true,"href":"https:\/\/pp8.kluczbork.pl\/index.php?rest_route=\/wp\/v2\/users\/20"}],"replies":[{"embeddable":true,"href":"https:\/\/pp8.kluczbork.pl\/index.php?rest_route=%2Fwp%2Fv2%2Fcomments&post=5428"}],"version-history":[{"count":2,"href":"https:\/\/pp8.kluczbork.pl\/index.php?rest_route=\/wp\/v2\/posts\/5428\/revisions"}],"predecessor-version":[{"id":5439,"href":"https:\/\/pp8.kluczbork.pl\/index.php?rest_route=\/wp\/v2\/posts\/5428\/revisions\/5439"}],"wp:featuredmedia":[{"embeddable":true,"href":"https:\/\/pp8.kluczbork.pl\/index.php?rest_route=\/wp\/v2\/media\/5437"}],"wp:attachment":[{"href":"https:\/\/pp8.kluczbork.pl\/index.php?rest_route=%2Fwp%2Fv2%2Fmedia&parent=5428"}],"wp:term":[{"taxonomy":"category","embeddable":true,"href":"https:\/\/pp8.kluczbork.pl\/index.php?rest_route=%2Fwp%2Fv2%2Fcategories&post=5428"},{"taxonomy":"post_tag","embeddable":true,"href":"https:\/\/pp8.kluczbork.pl\/index.php?rest_route=%2Fwp%2Fv2%2Ftags&post=5428"}],"curies":[{"name":"wp","href":"https:\/\/api.w.org\/{rel}","templated":true}]}}