{"id":5416,"date":"2025-03-21T19:58:15","date_gmt":"2025-03-21T19:58:15","guid":{"rendered":"https:\/\/pp8.kluczbork.pl\/?p=5416"},"modified":"2025-03-21T19:58:15","modified_gmt":"2025-03-21T19:58:15","slug":"dania-kraj-ue","status":"publish","type":"post","link":"https:\/\/pp8.kluczbork.pl\/?p=5416","title":{"rendered":"Dania &#8211; kraj UE"},"content":{"rendered":"<p><span style=\"color: #ad1d1d; font-family: 'comic sans ms', sans-serif; font-size: 18pt;\">Dnia 21 marca odby\u0142o si\u0119 kolejne spotkanie po Europie. Tym razem wyruszyli\u015bmy do Danii. Dzieci pozna\u0142y flag\u0119 oraz zabytki Danii, pokolorowali\u015bmy flag\u0119 i rozwi\u0105zali\u015bmy zagadki zwi\u0105zane z tym krajem.&nbsp;<\/span><\/p>\n<p><a href=\"https:\/\/flic.kr\/s\/aHBqjC6d8i\" target=\"_blank\" rel=\"noopener\"><span style=\"color: #ad1d1d; font-family: 'comic sans ms', sans-serif; font-size: 18pt;\">link do zdj\u0119\u0107<\/span><\/a><\/p>\n<p>&nbsp;<\/p>\n<p>&nbsp;<img loading=\"lazy\" decoding=\"async\" class=\"alignnone size-medium wp-image-5418\" src=\"https:\/\/pp8.kluczbork.pl\/wp-content\/uploads\/2025\/03\/WhatsApp-Image-2025-03-21-at-14.58.50-5-225x300.jpeg\" alt=\"\" width=\"225\" height=\"300\" srcset=\"https:\/\/pp8.kluczbork.pl\/wp-content\/uploads\/2025\/03\/WhatsApp-Image-2025-03-21-at-14.58.50-5-225x300.jpeg 225w, https:\/\/pp8.kluczbork.pl\/wp-content\/uploads\/2025\/03\/WhatsApp-Image-2025-03-21-at-14.58.50-5-768x1024.jpeg 768w, https:\/\/pp8.kluczbork.pl\/wp-content\/uploads\/2025\/03\/WhatsApp-Image-2025-03-21-at-14.58.50-5-1152x1536.jpeg 1152w, https:\/\/pp8.kluczbork.pl\/wp-content\/uploads\/2025\/03\/WhatsApp-Image-2025-03-21-at-14.58.50-5.jpeg 1536w\" sizes=\"(max-width: 225px) 100vw, 225px\" \/> <img loading=\"lazy\" decoding=\"async\" class=\"alignnone size-medium wp-image-5419\" src=\"https:\/\/pp8.kluczbork.pl\/wp-content\/uploads\/2025\/03\/WhatsApp-Image-2025-03-21-at-14.58.50-2-225x300.jpeg\" alt=\"\" width=\"225\" height=\"300\" srcset=\"https:\/\/pp8.kluczbork.pl\/wp-content\/uploads\/2025\/03\/WhatsApp-Image-2025-03-21-at-14.58.50-2-225x300.jpeg 225w, https:\/\/pp8.kluczbork.pl\/wp-content\/uploads\/2025\/03\/WhatsApp-Image-2025-03-21-at-14.58.50-2-768x1024.jpeg 768w, https:\/\/pp8.kluczbork.pl\/wp-content\/uploads\/2025\/03\/WhatsApp-Image-2025-03-21-at-14.58.50-2-1152x1536.jpeg 1152w, https:\/\/pp8.kluczbork.pl\/wp-content\/uploads\/2025\/03\/WhatsApp-Image-2025-03-21-at-14.58.50-2.jpeg 1536w\" sizes=\"(max-width: 225px) 100vw, 225px\" \/><\/p>\n","protected":false},"excerpt":{"rendered":"<p>Dnia 21 marca odby\u0142o si\u0119 kolejne spotkanie po Europie. Tym razem wyruszyli\u015bmy do Danii. Dzieci pozna\u0142y flag\u0119 oraz zabytki Danii, pokolorowali\u015bmy flag\u0119 i rozwi\u0105zali\u015bmy zagadki zwi\u0105zane z tym krajem.&nbsp; link do zdj\u0119\u0107 &nbsp; &nbsp;<\/p>\n","protected":false},"author":15,"featured_media":5417,"comment_status":"open","ping_status":"open","sticky":false,"template":"","format":"standard","meta":{"ngg_post_thumbnail":0,"footnotes":""},"categories":[286],"tags":[],"_links":{"self":[{"href":"https:\/\/pp8.kluczbork.pl\/index.php?rest_route=\/wp\/v2\/posts\/5416"}],"collection":[{"href":"https:\/\/pp8.kluczbork.pl\/index.php?rest_route=\/wp\/v2\/posts"}],"about":[{"href":"https:\/\/pp8.kluczbork.pl\/index.php?rest_route=\/wp\/v2\/types\/post"}],"author":[{"embeddable":true,"href":"https:\/\/pp8.kluczbork.pl\/index.php?rest_route=\/wp\/v2\/users\/15"}],"replies":[{"embeddable":true,"href":"https:\/\/pp8.kluczbork.pl\/index.php?rest_route=%2Fwp%2Fv2%2Fcomments&post=5416"}],"version-history":[{"count":1,"href":"https:\/\/pp8.kluczbork.pl\/index.php?rest_route=\/wp\/v2\/posts\/5416\/revisions"}],"predecessor-version":[{"id":5420,"href":"https:\/\/pp8.kluczbork.pl\/index.php?rest_route=\/wp\/v2\/posts\/5416\/revisions\/5420"}],"wp:featuredmedia":[{"embeddable":true,"href":"https:\/\/pp8.kluczbork.pl\/index.php?rest_route=\/wp\/v2\/media\/5417"}],"wp:attachment":[{"href":"https:\/\/pp8.kluczbork.pl\/index.php?rest_route=%2Fwp%2Fv2%2Fmedia&parent=5416"}],"wp:term":[{"taxonomy":"category","embeddable":true,"href":"https:\/\/pp8.kluczbork.pl\/index.php?rest_route=%2Fwp%2Fv2%2Fcategories&post=5416"},{"taxonomy":"post_tag","embeddable":true,"href":"https:\/\/pp8.kluczbork.pl\/index.php?rest_route=%2Fwp%2Fv2%2Ftags&post=5416"}],"curies":[{"name":"wp","href":"https:\/\/api.w.org\/{rel}","templated":true}]}}