{"id":5390,"date":"2025-03-14T15:55:06","date_gmt":"2025-03-14T15:55:06","guid":{"rendered":"https:\/\/pp8.kluczbork.pl\/?p=5390"},"modified":"2025-03-14T15:55:06","modified_gmt":"2025-03-14T15:55:06","slug":"francja-kraj-ue","status":"publish","type":"post","link":"https:\/\/pp8.kluczbork.pl\/?p=5390","title":{"rendered":"Francja &#8211; kraj UE"},"content":{"rendered":"<p><span style=\"font-family: 'comic sans ms', sans-serif; font-size: 18pt; color: #3366ff;\">W ramach Klubu Europejskiego grupa Przyjaciele Kubusia poznawa\u0142a Francj\u0119. Dzieci uczy\u0142y si\u0119 wita\u0107 i przedstawia\u0107 w j\u0119zyku francuskim, pozna\u0142y flag\u0119 Francji, a tak\u017ce charakterystyczne zabytki.&nbsp;<\/span><\/p>\n<p><a href=\"https:\/\/flic.kr\/s\/aHBqjC5wBT\" target=\"_blank\" rel=\"noopener\"><span style=\"font-family: 'comic sans ms', sans-serif; color: #ff0000; font-size: 18pt;\">link do zdj\u0119\u0107<\/span><\/a><\/p>\n<p>&nbsp;<\/p>\n<p><img loading=\"lazy\" decoding=\"async\" class=\"alignnone size-medium wp-image-5392\" src=\"https:\/\/pp8.kluczbork.pl\/wp-content\/uploads\/2025\/03\/WhatsApp-Image-2025-03-14-at-12.59.34-4-300x225.jpeg\" alt=\"\" width=\"300\" height=\"225\" srcset=\"https:\/\/pp8.kluczbork.pl\/wp-content\/uploads\/2025\/03\/WhatsApp-Image-2025-03-14-at-12.59.34-4-300x225.jpeg 300w, https:\/\/pp8.kluczbork.pl\/wp-content\/uploads\/2025\/03\/WhatsApp-Image-2025-03-14-at-12.59.34-4-1024x768.jpeg 1024w, https:\/\/pp8.kluczbork.pl\/wp-content\/uploads\/2025\/03\/WhatsApp-Image-2025-03-14-at-12.59.34-4-768x576.jpeg 768w, https:\/\/pp8.kluczbork.pl\/wp-content\/uploads\/2025\/03\/WhatsApp-Image-2025-03-14-at-12.59.34-4-1536x1152.jpeg 1536w, https:\/\/pp8.kluczbork.pl\/wp-content\/uploads\/2025\/03\/WhatsApp-Image-2025-03-14-at-12.59.34-4.jpeg 2048w\" sizes=\"(max-width: 300px) 100vw, 300px\" \/> <img loading=\"lazy\" decoding=\"async\" class=\"alignnone size-medium wp-image-5393\" src=\"https:\/\/pp8.kluczbork.pl\/wp-content\/uploads\/2025\/03\/WhatsApp-Image-2025-03-14-at-12.59.33-1-300x225.jpeg\" alt=\"\" width=\"300\" height=\"225\" srcset=\"https:\/\/pp8.kluczbork.pl\/wp-content\/uploads\/2025\/03\/WhatsApp-Image-2025-03-14-at-12.59.33-1-300x225.jpeg 300w, https:\/\/pp8.kluczbork.pl\/wp-content\/uploads\/2025\/03\/WhatsApp-Image-2025-03-14-at-12.59.33-1-1024x768.jpeg 1024w, https:\/\/pp8.kluczbork.pl\/wp-content\/uploads\/2025\/03\/WhatsApp-Image-2025-03-14-at-12.59.33-1-768x576.jpeg 768w, https:\/\/pp8.kluczbork.pl\/wp-content\/uploads\/2025\/03\/WhatsApp-Image-2025-03-14-at-12.59.33-1-1536x1152.jpeg 1536w, https:\/\/pp8.kluczbork.pl\/wp-content\/uploads\/2025\/03\/WhatsApp-Image-2025-03-14-at-12.59.33-1.jpeg 2048w\" sizes=\"(max-width: 300px) 100vw, 300px\" \/><\/p>\n","protected":false},"excerpt":{"rendered":"<p>W ramach Klubu Europejskiego grupa Przyjaciele Kubusia poznawa\u0142a Francj\u0119. Dzieci uczy\u0142y si\u0119 wita\u0107 i przedstawia\u0107 w j\u0119zyku francuskim, pozna\u0142y flag\u0119 Francji, a tak\u017ce charakterystyczne zabytki.&nbsp; link do zdj\u0119\u0107 &nbsp;<\/p>\n","protected":false},"author":15,"featured_media":5391,"comment_status":"open","ping_status":"open","sticky":false,"template":"","format":"standard","meta":{"ngg_post_thumbnail":0,"footnotes":""},"categories":[286],"tags":[],"_links":{"self":[{"href":"https:\/\/pp8.kluczbork.pl\/index.php?rest_route=\/wp\/v2\/posts\/5390"}],"collection":[{"href":"https:\/\/pp8.kluczbork.pl\/index.php?rest_route=\/wp\/v2\/posts"}],"about":[{"href":"https:\/\/pp8.kluczbork.pl\/index.php?rest_route=\/wp\/v2\/types\/post"}],"author":[{"embeddable":true,"href":"https:\/\/pp8.kluczbork.pl\/index.php?rest_route=\/wp\/v2\/users\/15"}],"replies":[{"embeddable":true,"href":"https:\/\/pp8.kluczbork.pl\/index.php?rest_route=%2Fwp%2Fv2%2Fcomments&post=5390"}],"version-history":[{"count":1,"href":"https:\/\/pp8.kluczbork.pl\/index.php?rest_route=\/wp\/v2\/posts\/5390\/revisions"}],"predecessor-version":[{"id":5394,"href":"https:\/\/pp8.kluczbork.pl\/index.php?rest_route=\/wp\/v2\/posts\/5390\/revisions\/5394"}],"wp:featuredmedia":[{"embeddable":true,"href":"https:\/\/pp8.kluczbork.pl\/index.php?rest_route=\/wp\/v2\/media\/5391"}],"wp:attachment":[{"href":"https:\/\/pp8.kluczbork.pl\/index.php?rest_route=%2Fwp%2Fv2%2Fmedia&parent=5390"}],"wp:term":[{"taxonomy":"category","embeddable":true,"href":"https:\/\/pp8.kluczbork.pl\/index.php?rest_route=%2Fwp%2Fv2%2Fcategories&post=5390"},{"taxonomy":"post_tag","embeddable":true,"href":"https:\/\/pp8.kluczbork.pl\/index.php?rest_route=%2Fwp%2Fv2%2Ftags&post=5390"}],"curies":[{"name":"wp","href":"https:\/\/api.w.org\/{rel}","templated":true}]}}