{"id":5385,"date":"2025-03-14T15:49:12","date_gmt":"2025-03-14T15:49:12","guid":{"rendered":"https:\/\/pp8.kluczbork.pl\/?p=5385"},"modified":"2025-03-14T15:49:12","modified_gmt":"2025-03-14T15:49:12","slug":"belgia-kraj-ue","status":"publish","type":"post","link":"https:\/\/pp8.kluczbork.pl\/?p=5385","title":{"rendered":"Belgia &#8211; kraj UE"},"content":{"rendered":"<p><span style=\"font-family: 'comic sans ms', sans-serif; font-size: 14pt; color: #f0d341;\">7 marca wyruszyli\u015bmy w podr\u00f3\u017c do Belgii. Poznali\u015bmy stolic\u0119 Belgii \u2013 Bruksel\u0119 oraz jej barwy narodowe. Mogli\u015bmy zwiedzi\u0107 ten kraj ogl\u0105daj\u0105c film \u201eNajpi\u0119kniejsze miejsca w Belgii\u201d. Dowiedzieli\u015bmy si\u0119, \u017ce Belgowie s\u0142yn\u0105 z frytek, gofr\u00f3w i robi\u0105 najlepsz\u0105 czekolad\u0119. Ten dzie\u0144 by\u0142 pe\u0142en wra\u017ce\u0144.<\/span><\/p>\n<p><a href=\"https:\/\/flic.kr\/s\/aHBqjC5yAi\" target=\"_blank\" rel=\"noopener\">link do zdj\u0119<\/a><a href=\"https:\/\/flic.kr\/s\/aHBqjC5yAi\" target=\"_blank\" rel=\"noopener\">\u0107<\/a><\/p>\n<p>&nbsp;<\/p>\n<p>&nbsp;<\/p>\n<p><img loading=\"lazy\" decoding=\"async\" class=\"size-medium wp-image-5387 alignnone\" src=\"https:\/\/pp8.kluczbork.pl\/wp-content\/uploads\/2025\/03\/WhatsApp-Image-2025-03-14-at-13.01.26-300x225.jpeg\" alt=\"\" width=\"300\" height=\"225\" srcset=\"https:\/\/pp8.kluczbork.pl\/wp-content\/uploads\/2025\/03\/WhatsApp-Image-2025-03-14-at-13.01.26-300x225.jpeg 300w, https:\/\/pp8.kluczbork.pl\/wp-content\/uploads\/2025\/03\/WhatsApp-Image-2025-03-14-at-13.01.26-1024x768.jpeg 1024w, https:\/\/pp8.kluczbork.pl\/wp-content\/uploads\/2025\/03\/WhatsApp-Image-2025-03-14-at-13.01.26-768x576.jpeg 768w, https:\/\/pp8.kluczbork.pl\/wp-content\/uploads\/2025\/03\/WhatsApp-Image-2025-03-14-at-13.01.26-1536x1152.jpeg 1536w, https:\/\/pp8.kluczbork.pl\/wp-content\/uploads\/2025\/03\/WhatsApp-Image-2025-03-14-at-13.01.26.jpeg 2048w\" sizes=\"(max-width: 300px) 100vw, 300px\" \/> <img loading=\"lazy\" decoding=\"async\" class=\"alignnone size-medium wp-image-5388\" src=\"https:\/\/pp8.kluczbork.pl\/wp-content\/uploads\/2025\/03\/WhatsApp-Image-2025-03-14-at-13.01.25-2-300x225.jpeg\" alt=\"\" width=\"300\" height=\"225\" srcset=\"https:\/\/pp8.kluczbork.pl\/wp-content\/uploads\/2025\/03\/WhatsApp-Image-2025-03-14-at-13.01.25-2-300x225.jpeg 300w, https:\/\/pp8.kluczbork.pl\/wp-content\/uploads\/2025\/03\/WhatsApp-Image-2025-03-14-at-13.01.25-2-1024x768.jpeg 1024w, https:\/\/pp8.kluczbork.pl\/wp-content\/uploads\/2025\/03\/WhatsApp-Image-2025-03-14-at-13.01.25-2-768x576.jpeg 768w, https:\/\/pp8.kluczbork.pl\/wp-content\/uploads\/2025\/03\/WhatsApp-Image-2025-03-14-at-13.01.25-2-1536x1152.jpeg 1536w, https:\/\/pp8.kluczbork.pl\/wp-content\/uploads\/2025\/03\/WhatsApp-Image-2025-03-14-at-13.01.25-2.jpeg 2048w\" sizes=\"(max-width: 300px) 100vw, 300px\" \/><\/p>\n<p>&nbsp;<\/p>\n","protected":false},"excerpt":{"rendered":"<p>7 marca wyruszyli\u015bmy w podr\u00f3\u017c do Belgii. Poznali\u015bmy stolic\u0119 Belgii \u2013 Bruksel\u0119 oraz jej barwy narodowe. Mogli\u015bmy zwiedzi\u0107 ten kraj ogl\u0105daj\u0105c film \u201eNajpi\u0119kniejsze miejsca w Belgii\u201d. Dowiedzieli\u015bmy si\u0119, \u017ce Belgowie s\u0142yn\u0105 z frytek, gofr\u00f3w i robi\u0105 najlepsz\u0105 czekolad\u0119. Ten dzie\u0144 by\u0142 pe\u0142en wra\u017ce\u0144. link do zdj\u0119\u0107 &nbsp; &nbsp; &nbsp;<\/p>\n","protected":false},"author":15,"featured_media":5386,"comment_status":"open","ping_status":"open","sticky":false,"template":"","format":"standard","meta":{"ngg_post_thumbnail":0,"footnotes":""},"categories":[286],"tags":[],"_links":{"self":[{"href":"https:\/\/pp8.kluczbork.pl\/index.php?rest_route=\/wp\/v2\/posts\/5385"}],"collection":[{"href":"https:\/\/pp8.kluczbork.pl\/index.php?rest_route=\/wp\/v2\/posts"}],"about":[{"href":"https:\/\/pp8.kluczbork.pl\/index.php?rest_route=\/wp\/v2\/types\/post"}],"author":[{"embeddable":true,"href":"https:\/\/pp8.kluczbork.pl\/index.php?rest_route=\/wp\/v2\/users\/15"}],"replies":[{"embeddable":true,"href":"https:\/\/pp8.kluczbork.pl\/index.php?rest_route=%2Fwp%2Fv2%2Fcomments&post=5385"}],"version-history":[{"count":1,"href":"https:\/\/pp8.kluczbork.pl\/index.php?rest_route=\/wp\/v2\/posts\/5385\/revisions"}],"predecessor-version":[{"id":5389,"href":"https:\/\/pp8.kluczbork.pl\/index.php?rest_route=\/wp\/v2\/posts\/5385\/revisions\/5389"}],"wp:featuredmedia":[{"embeddable":true,"href":"https:\/\/pp8.kluczbork.pl\/index.php?rest_route=\/wp\/v2\/media\/5386"}],"wp:attachment":[{"href":"https:\/\/pp8.kluczbork.pl\/index.php?rest_route=%2Fwp%2Fv2%2Fmedia&parent=5385"}],"wp:term":[{"taxonomy":"category","embeddable":true,"href":"https:\/\/pp8.kluczbork.pl\/index.php?rest_route=%2Fwp%2Fv2%2Fcategories&post=5385"},{"taxonomy":"post_tag","embeddable":true,"href":"https:\/\/pp8.kluczbork.pl\/index.php?rest_route=%2Fwp%2Fv2%2Ftags&post=5385"}],"curies":[{"name":"wp","href":"https:\/\/api.w.org\/{rel}","templated":true}]}}