{"id":5377,"date":"2025-03-12T13:01:53","date_gmt":"2025-03-12T13:01:53","guid":{"rendered":"https:\/\/pp8.kluczbork.pl\/?p=5377"},"modified":"2025-03-12T13:10:15","modified_gmt":"2025-03-12T13:10:15","slug":"5377","status":"publish","type":"post","link":"https:\/\/pp8.kluczbork.pl\/?p=5377","title":{"rendered":"Liderki i liderzy przedszkolnej edukacji cyfrowej"},"content":{"rendered":"<p class=\"western\"><span style=\"font-size: 14pt;\"><i>Gmina Kluczbork (Publiczne Przedszkole Nr 8 im. Kubusia Puchatka w Kluczborku z Oddzia\u0142ami Zamiejscowymi w Ligocie G\u00f3rnej i Smardach G\u00f3rnych<\/i><i><b>) <\/b><\/i>otrzyma\u0142a\/o grant w wysoko\u015bci 5986,15 z\u0142 na zakup cyfrowych materia\u0142\u00f3w dydaktycznych w ramach przedsi\u0119wzi\u0119cia \u201eLiderki i liderzy przedszkolnej edukacji cyfrowej\u201d w finansowanego ze \u015brodk\u00f3w UE &#8211; Instrumentu na Rzecz Odbudowy i Zwi\u0119kszania Odporno\u015bci, ramach Krajowego Planu Odbudowy &#8211; Reforma: C2.1: Zwi\u0119kszenie skali zastosowa\u0144 rozwi\u0105za\u0144 cyfrowych w sferze publicznej, gospodarce i spo\u0142ecze\u0144stwie, Inwestycja C2.1.3: E-kompetencje.<\/span><\/p>\n<p><img loading=\"lazy\" decoding=\"async\" class=\" wp-image-5380 aligncenter\" src=\"https:\/\/pp8.kluczbork.pl\/wp-content\/uploads\/2025\/03\/7f194f44-2472-4876-8074-284e88354324-300x38.jpg\" alt=\"\" width=\"1074\" height=\"136\" srcset=\"https:\/\/pp8.kluczbork.pl\/wp-content\/uploads\/2025\/03\/7f194f44-2472-4876-8074-284e88354324-300x38.jpg 300w, https:\/\/pp8.kluczbork.pl\/wp-content\/uploads\/2025\/03\/7f194f44-2472-4876-8074-284e88354324-1024x130.jpg 1024w, https:\/\/pp8.kluczbork.pl\/wp-content\/uploads\/2025\/03\/7f194f44-2472-4876-8074-284e88354324-768x98.jpg 768w, https:\/\/pp8.kluczbork.pl\/wp-content\/uploads\/2025\/03\/7f194f44-2472-4876-8074-284e88354324.jpg 1386w\" sizes=\"(max-width: 1074px) 100vw, 1074px\" \/><\/p>\n","protected":false},"excerpt":{"rendered":"<p>Gmina Kluczbork (Publiczne Przedszkole Nr 8 im. Kubusia Puchatka w Kluczborku z Oddzia\u0142ami Zamiejscowymi w Ligocie G\u00f3rnej i Smardach G\u00f3rnych) otrzyma\u0142a\/o grant w wysoko\u015bci 5986,15 z\u0142 na zakup cyfrowych materia\u0142\u00f3w dydaktycznych w ramach przedsi\u0119wzi\u0119cia \u201eLiderki i liderzy przedszkolnej edukacji cyfrowej\u201d w finansowanego ze \u015brodk\u00f3w UE &#8211; Instrumentu na Rzecz Odbudowy [&hellip;]<\/p>\n","protected":false},"author":15,"featured_media":5378,"comment_status":"open","ping_status":"open","sticky":false,"template":"","format":"standard","meta":{"ngg_post_thumbnail":0,"footnotes":""},"categories":[279,1],"tags":[],"_links":{"self":[{"href":"https:\/\/pp8.kluczbork.pl\/index.php?rest_route=\/wp\/v2\/posts\/5377"}],"collection":[{"href":"https:\/\/pp8.kluczbork.pl\/index.php?rest_route=\/wp\/v2\/posts"}],"about":[{"href":"https:\/\/pp8.kluczbork.pl\/index.php?rest_route=\/wp\/v2\/types\/post"}],"author":[{"embeddable":true,"href":"https:\/\/pp8.kluczbork.pl\/index.php?rest_route=\/wp\/v2\/users\/15"}],"replies":[{"embeddable":true,"href":"https:\/\/pp8.kluczbork.pl\/index.php?rest_route=%2Fwp%2Fv2%2Fcomments&post=5377"}],"version-history":[{"count":3,"href":"https:\/\/pp8.kluczbork.pl\/index.php?rest_route=\/wp\/v2\/posts\/5377\/revisions"}],"predecessor-version":[{"id":5383,"href":"https:\/\/pp8.kluczbork.pl\/index.php?rest_route=\/wp\/v2\/posts\/5377\/revisions\/5383"}],"wp:featuredmedia":[{"embeddable":true,"href":"https:\/\/pp8.kluczbork.pl\/index.php?rest_route=\/wp\/v2\/media\/5378"}],"wp:attachment":[{"href":"https:\/\/pp8.kluczbork.pl\/index.php?rest_route=%2Fwp%2Fv2%2Fmedia&parent=5377"}],"wp:term":[{"taxonomy":"category","embeddable":true,"href":"https:\/\/pp8.kluczbork.pl\/index.php?rest_route=%2Fwp%2Fv2%2Fcategories&post=5377"},{"taxonomy":"post_tag","embeddable":true,"href":"https:\/\/pp8.kluczbork.pl\/index.php?rest_route=%2Fwp%2Fv2%2Ftags&post=5377"}],"curies":[{"name":"wp","href":"https:\/\/api.w.org\/{rel}","templated":true}]}}