{"id":5335,"date":"2025-02-21T13:13:26","date_gmt":"2025-02-21T13:13:26","guid":{"rendered":"https:\/\/pp8.kluczbork.pl\/?p=5335"},"modified":"2025-02-21T13:13:26","modified_gmt":"2025-02-21T13:13:26","slug":"austria-kraj-ue","status":"publish","type":"post","link":"https:\/\/pp8.kluczbork.pl\/?p=5335","title":{"rendered":"Austria &#8211; kraj UE"},"content":{"rendered":"<p><span style=\"font-family: 'comic sans ms', sans-serif; font-size: 14pt; color: #ff0000;\">W pi\u0105tek 21.02 w ramach naszego Klubu Europejskiego odwiedzili\u015bmy kolejne pa\u0144stwo Unii Europejskiej &#8211; Austri\u0119. Dzieci ogl\u0105dn\u0119\u0142y prezentacj\u0119 na temat Austrii, co warto zwiedzi\u0107 w tym kraju oraz pozna\u0142y legend\u0119 flagi Austrii.<\/span><\/p>\n<p><a href=\"https:\/\/flic.kr\/s\/aHBqjC3bQb\" target=\"_blank\" rel=\"noopener\"><span style=\"font-family: 'comic sans ms', sans-serif; font-size: 14pt; color: #ff0000;\">link do zdj\u0119\u0107<\/span><\/a><\/p>\n<p><img loading=\"lazy\" decoding=\"async\" class=\"alignnone size-medium wp-image-5337\" src=\"https:\/\/pp8.kluczbork.pl\/wp-content\/uploads\/2025\/02\/WhatsApp-Image-2025-02-21-at-13.10.16-10-300x225.jpeg\" alt=\"\" width=\"300\" height=\"225\" srcset=\"https:\/\/pp8.kluczbork.pl\/wp-content\/uploads\/2025\/02\/WhatsApp-Image-2025-02-21-at-13.10.16-10-300x225.jpeg 300w, https:\/\/pp8.kluczbork.pl\/wp-content\/uploads\/2025\/02\/WhatsApp-Image-2025-02-21-at-13.10.16-10-1024x768.jpeg 1024w, https:\/\/pp8.kluczbork.pl\/wp-content\/uploads\/2025\/02\/WhatsApp-Image-2025-02-21-at-13.10.16-10-768x576.jpeg 768w, https:\/\/pp8.kluczbork.pl\/wp-content\/uploads\/2025\/02\/WhatsApp-Image-2025-02-21-at-13.10.16-10-1536x1152.jpeg 1536w, https:\/\/pp8.kluczbork.pl\/wp-content\/uploads\/2025\/02\/WhatsApp-Image-2025-02-21-at-13.10.16-10.jpeg 2048w\" sizes=\"(max-width: 300px) 100vw, 300px\" \/> <img loading=\"lazy\" decoding=\"async\" class=\"alignnone size-medium wp-image-5338\" src=\"https:\/\/pp8.kluczbork.pl\/wp-content\/uploads\/2025\/02\/WhatsApp-Image-2025-02-21-at-13.10.16-300x225.jpeg\" alt=\"\" width=\"300\" height=\"225\" srcset=\"https:\/\/pp8.kluczbork.pl\/wp-content\/uploads\/2025\/02\/WhatsApp-Image-2025-02-21-at-13.10.16-300x225.jpeg 300w, https:\/\/pp8.kluczbork.pl\/wp-content\/uploads\/2025\/02\/WhatsApp-Image-2025-02-21-at-13.10.16-1024x768.jpeg 1024w, https:\/\/pp8.kluczbork.pl\/wp-content\/uploads\/2025\/02\/WhatsApp-Image-2025-02-21-at-13.10.16-768x576.jpeg 768w, https:\/\/pp8.kluczbork.pl\/wp-content\/uploads\/2025\/02\/WhatsApp-Image-2025-02-21-at-13.10.16-1536x1152.jpeg 1536w, https:\/\/pp8.kluczbork.pl\/wp-content\/uploads\/2025\/02\/WhatsApp-Image-2025-02-21-at-13.10.16.jpeg 2048w\" sizes=\"(max-width: 300px) 100vw, 300px\" \/><\/p>\n","protected":false},"excerpt":{"rendered":"<p>W pi\u0105tek 21.02 w ramach naszego Klubu Europejskiego odwiedzili\u015bmy kolejne pa\u0144stwo Unii Europejskiej &#8211; Austri\u0119. Dzieci ogl\u0105dn\u0119\u0142y prezentacj\u0119 na temat Austrii, co warto zwiedzi\u0107 w tym kraju oraz pozna\u0142y legend\u0119 flagi Austrii. link do zdj\u0119\u0107<\/p>\n","protected":false},"author":15,"featured_media":5336,"comment_status":"open","ping_status":"open","sticky":false,"template":"","format":"standard","meta":{"ngg_post_thumbnail":0,"footnotes":""},"categories":[286],"tags":[],"_links":{"self":[{"href":"https:\/\/pp8.kluczbork.pl\/index.php?rest_route=\/wp\/v2\/posts\/5335"}],"collection":[{"href":"https:\/\/pp8.kluczbork.pl\/index.php?rest_route=\/wp\/v2\/posts"}],"about":[{"href":"https:\/\/pp8.kluczbork.pl\/index.php?rest_route=\/wp\/v2\/types\/post"}],"author":[{"embeddable":true,"href":"https:\/\/pp8.kluczbork.pl\/index.php?rest_route=\/wp\/v2\/users\/15"}],"replies":[{"embeddable":true,"href":"https:\/\/pp8.kluczbork.pl\/index.php?rest_route=%2Fwp%2Fv2%2Fcomments&post=5335"}],"version-history":[{"count":1,"href":"https:\/\/pp8.kluczbork.pl\/index.php?rest_route=\/wp\/v2\/posts\/5335\/revisions"}],"predecessor-version":[{"id":5339,"href":"https:\/\/pp8.kluczbork.pl\/index.php?rest_route=\/wp\/v2\/posts\/5335\/revisions\/5339"}],"wp:featuredmedia":[{"embeddable":true,"href":"https:\/\/pp8.kluczbork.pl\/index.php?rest_route=\/wp\/v2\/media\/5336"}],"wp:attachment":[{"href":"https:\/\/pp8.kluczbork.pl\/index.php?rest_route=%2Fwp%2Fv2%2Fmedia&parent=5335"}],"wp:term":[{"taxonomy":"category","embeddable":true,"href":"https:\/\/pp8.kluczbork.pl\/index.php?rest_route=%2Fwp%2Fv2%2Fcategories&post=5335"},{"taxonomy":"post_tag","embeddable":true,"href":"https:\/\/pp8.kluczbork.pl\/index.php?rest_route=%2Fwp%2Fv2%2Ftags&post=5335"}],"curies":[{"name":"wp","href":"https:\/\/api.w.org\/{rel}","templated":true}]}}