{"id":5316,"date":"2025-02-18T12:46:28","date_gmt":"2025-02-18T12:46:28","guid":{"rendered":"https:\/\/pp8.kluczbork.pl\/?p=5316"},"modified":"2025-02-18T12:46:28","modified_gmt":"2025-02-18T12:46:28","slug":"przedszkole-bez-owsikow","status":"publish","type":"post","link":"https:\/\/pp8.kluczbork.pl\/?p=5316","title":{"rendered":"Przedszkole bez owsik\u00f3w"},"content":{"rendered":"<p class=\"has-medium-font-size\"><span style=\"font-family: 'comic sans ms', sans-serif; font-size: 14pt; color: #000000;\">Bierzemy udzia\u0142 w Projekcie edukacyjnym PrzedszkolaBezOwsik\u00f3w.pl<\/span><\/p>\n<p class=\"has-medium-font-size\"><span style=\"font-family: 'comic sans ms', sans-serif; font-size: 14pt; color: #000000;\">Za\u0142o\u017cenia:<\/span><br \/>\n<span style=\"font-family: 'comic sans ms', sans-serif; font-size: 14pt; color: #000000;\">W walce z owsikami najwa\u017cniejsza s\u0105: profilaktyka i dba\u0142o\u015b\u0107 o prawid\u0142ow\u0105 higien\u0119.<br \/>\nZ tego powodu zosta\u0142 uruchomiony og\u00f3lnopolski program edukacyjny \u201ePrzedszkolaBezOwsik\u00f3w.pl\u201d.<\/span><\/p>\n<p class=\"has-medium-font-size\"><span style=\"font-family: 'comic sans ms', sans-serif; font-size: 14pt; color: #000000;\">Celem jest:<\/span><br \/>\n<span style=\"font-family: 'comic sans ms', sans-serif; font-size: 14pt; color: #000000;\">Kszta\u0142towanie odpowiednich nawyk\u00f3w w zakresie dbania o czysto\u015b\u0107 r\u0105k w\u015br\u00f3d dzieci. W ramach programu podopieczni przedszkoli bior\u0105 udzia\u0142 w zaj\u0119ciach edukacyjnych, kt\u00f3re w ciekawy i zrozumia\u0142y spos\u00f3b pokazuj\u0105, jak wa\u017cne jest dbanie<br \/>\no czyste r\u0119ce  w<\/span><span style=\"color: #000000; font-family: 'comic sans ms', sans-serif; font-size: 14pt;\">&nbsp;kontek\u015bcie naszego zdrowia.<\/span><\/p>\n<p><span style=\"font-family: 'comic sans ms', sans-serif; font-size: 14pt; color: #000000;\"><a href=\"https:\/\/pp8.kluczbork.pl\/wp-content\/uploads\/2025\/02\/PRZEDSZKOLA-BEZ-OWISKOW-BROSZURA-A6.pdf\" target=\"_blank\" rel=\"noopener\">PRZEDSZKOLA BEZ OWISKOW BROSZURA A6<\/a><\/span><\/p>\n<p><img loading=\"lazy\" decoding=\"async\" class=\" wp-image-5319 aligncenter\" src=\"https:\/\/pp8.kluczbork.pl\/wp-content\/uploads\/2025\/02\/PRZEDSZKOLA-BEZ-OWSIKOW-PLAKATY-A1_page-0002-212x300.jpg\" alt=\"\" width=\"381\" height=\"539\" srcset=\"https:\/\/pp8.kluczbork.pl\/wp-content\/uploads\/2025\/02\/PRZEDSZKOLA-BEZ-OWSIKOW-PLAKATY-A1_page-0002-212x300.jpg 212w, https:\/\/pp8.kluczbork.pl\/wp-content\/uploads\/2025\/02\/PRZEDSZKOLA-BEZ-OWSIKOW-PLAKATY-A1_page-0002-723x1024.jpg 723w, https:\/\/pp8.kluczbork.pl\/wp-content\/uploads\/2025\/02\/PRZEDSZKOLA-BEZ-OWSIKOW-PLAKATY-A1_page-0002-768x1087.jpg 768w, https:\/\/pp8.kluczbork.pl\/wp-content\/uploads\/2025\/02\/PRZEDSZKOLA-BEZ-OWSIKOW-PLAKATY-A1_page-0002-1085x1536.jpg 1085w, https:\/\/pp8.kluczbork.pl\/wp-content\/uploads\/2025\/02\/PRZEDSZKOLA-BEZ-OWSIKOW-PLAKATY-A1_page-0002-1446x2048.jpg 1446w, https:\/\/pp8.kluczbork.pl\/wp-content\/uploads\/2025\/02\/PRZEDSZKOLA-BEZ-OWSIKOW-PLAKATY-A1_page-0002-scaled.jpg 1808w\" sizes=\"(max-width: 381px) 100vw, 381px\" \/><\/p>\n","protected":false},"excerpt":{"rendered":"<p>Bierzemy udzia\u0142 w Projekcie edukacyjnym PrzedszkolaBezOwsik\u00f3w.pl Za\u0142o\u017cenia: W walce z owsikami najwa\u017cniejsza s\u0105: profilaktyka i dba\u0142o\u015b\u0107 o prawid\u0142ow\u0105 higien\u0119. Z tego powodu zosta\u0142 uruchomiony og\u00f3lnopolski program edukacyjny \u201ePrzedszkolaBezOwsik\u00f3w.pl\u201d. Celem jest: Kszta\u0142towanie odpowiednich nawyk\u00f3w w zakresie dbania o czysto\u015b\u0107 r\u0105k w\u015br\u00f3d dzieci. W ramach programu podopieczni przedszkoli bior\u0105 udzia\u0142 w zaj\u0119ciach [&hellip;]<\/p>\n","protected":false},"author":15,"featured_media":5317,"comment_status":"open","ping_status":"open","sticky":false,"template":"","format":"standard","meta":{"ngg_post_thumbnail":0,"footnotes":""},"categories":[279,1],"tags":[],"_links":{"self":[{"href":"https:\/\/pp8.kluczbork.pl\/index.php?rest_route=\/wp\/v2\/posts\/5316"}],"collection":[{"href":"https:\/\/pp8.kluczbork.pl\/index.php?rest_route=\/wp\/v2\/posts"}],"about":[{"href":"https:\/\/pp8.kluczbork.pl\/index.php?rest_route=\/wp\/v2\/types\/post"}],"author":[{"embeddable":true,"href":"https:\/\/pp8.kluczbork.pl\/index.php?rest_route=\/wp\/v2\/users\/15"}],"replies":[{"embeddable":true,"href":"https:\/\/pp8.kluczbork.pl\/index.php?rest_route=%2Fwp%2Fv2%2Fcomments&post=5316"}],"version-history":[{"count":2,"href":"https:\/\/pp8.kluczbork.pl\/index.php?rest_route=\/wp\/v2\/posts\/5316\/revisions"}],"predecessor-version":[{"id":5321,"href":"https:\/\/pp8.kluczbork.pl\/index.php?rest_route=\/wp\/v2\/posts\/5316\/revisions\/5321"}],"wp:featuredmedia":[{"embeddable":true,"href":"https:\/\/pp8.kluczbork.pl\/index.php?rest_route=\/wp\/v2\/media\/5317"}],"wp:attachment":[{"href":"https:\/\/pp8.kluczbork.pl\/index.php?rest_route=%2Fwp%2Fv2%2Fmedia&parent=5316"}],"wp:term":[{"taxonomy":"category","embeddable":true,"href":"https:\/\/pp8.kluczbork.pl\/index.php?rest_route=%2Fwp%2Fv2%2Fcategories&post=5316"},{"taxonomy":"post_tag","embeddable":true,"href":"https:\/\/pp8.kluczbork.pl\/index.php?rest_route=%2Fwp%2Fv2%2Ftags&post=5316"}],"curies":[{"name":"wp","href":"https:\/\/api.w.org\/{rel}","templated":true}]}}