{"id":5301,"date":"2025-01-31T12:52:33","date_gmt":"2025-01-31T12:52:33","guid":{"rendered":"https:\/\/pp8.kluczbork.pl\/?p=5301"},"modified":"2025-01-31T12:52:33","modified_gmt":"2025-01-31T12:52:33","slug":"niemcy-kraj-ue","status":"publish","type":"post","link":"https:\/\/pp8.kluczbork.pl\/?p=5301","title":{"rendered":"Niemcy &#8211; kraj UE"},"content":{"rendered":"<p><span style=\"font-family: 'comic sans ms', sans-serif; font-size: 14pt; color: #000000;\"><img loading=\"lazy\" decoding=\"async\" class=\"alignnone  wp-image-5302\" src=\"https:\/\/pp8.kluczbork.pl\/wp-content\/uploads\/2025\/01\/WhatsApp-Image-2025-01-31-at-13.07.56-7-300x225.jpeg\" alt=\"\" width=\"245\" height=\"184\" srcset=\"https:\/\/pp8.kluczbork.pl\/wp-content\/uploads\/2025\/01\/WhatsApp-Image-2025-01-31-at-13.07.56-7-300x225.jpeg 300w, https:\/\/pp8.kluczbork.pl\/wp-content\/uploads\/2025\/01\/WhatsApp-Image-2025-01-31-at-13.07.56-7-1024x768.jpeg 1024w, https:\/\/pp8.kluczbork.pl\/wp-content\/uploads\/2025\/01\/WhatsApp-Image-2025-01-31-at-13.07.56-7-768x576.jpeg 768w, https:\/\/pp8.kluczbork.pl\/wp-content\/uploads\/2025\/01\/WhatsApp-Image-2025-01-31-at-13.07.56-7-1536x1152.jpeg 1536w, https:\/\/pp8.kluczbork.pl\/wp-content\/uploads\/2025\/01\/WhatsApp-Image-2025-01-31-at-13.07.56-7-rotated.jpeg 2048w\" sizes=\"(max-width: 245px) 100vw, 245px\" \/> <img loading=\"lazy\" decoding=\"async\" class=\"alignnone  wp-image-5303\" src=\"https:\/\/pp8.kluczbork.pl\/wp-content\/uploads\/2025\/01\/WhatsApp-Image-2025-01-31-at-13.07.57-2-300x225.jpeg\" alt=\"\" width=\"265\" height=\"199\" srcset=\"https:\/\/pp8.kluczbork.pl\/wp-content\/uploads\/2025\/01\/WhatsApp-Image-2025-01-31-at-13.07.57-2-300x225.jpeg 300w, https:\/\/pp8.kluczbork.pl\/wp-content\/uploads\/2025\/01\/WhatsApp-Image-2025-01-31-at-13.07.57-2-1024x768.jpeg 1024w, https:\/\/pp8.kluczbork.pl\/wp-content\/uploads\/2025\/01\/WhatsApp-Image-2025-01-31-at-13.07.57-2-768x576.jpeg 768w, https:\/\/pp8.kluczbork.pl\/wp-content\/uploads\/2025\/01\/WhatsApp-Image-2025-01-31-at-13.07.57-2-1536x1152.jpeg 1536w, https:\/\/pp8.kluczbork.pl\/wp-content\/uploads\/2025\/01\/WhatsApp-Image-2025-01-31-at-13.07.57-2.jpeg 2048w\" sizes=\"(max-width: 265px) 100vw, 265px\" \/> <img loading=\"lazy\" decoding=\"async\" class=\"alignnone  wp-image-5304\" src=\"https:\/\/pp8.kluczbork.pl\/wp-content\/uploads\/2025\/01\/WhatsApp-Image-2025-01-31-at-13.07.56-2-225x300.jpeg\" alt=\"\" width=\"189\" height=\"252\" srcset=\"https:\/\/pp8.kluczbork.pl\/wp-content\/uploads\/2025\/01\/WhatsApp-Image-2025-01-31-at-13.07.56-2-225x300.jpeg 225w, https:\/\/pp8.kluczbork.pl\/wp-content\/uploads\/2025\/01\/WhatsApp-Image-2025-01-31-at-13.07.56-2-768x1024.jpeg 768w, https:\/\/pp8.kluczbork.pl\/wp-content\/uploads\/2025\/01\/WhatsApp-Image-2025-01-31-at-13.07.56-2-1152x1536.jpeg 1152w, https:\/\/pp8.kluczbork.pl\/wp-content\/uploads\/2025\/01\/WhatsApp-Image-2025-01-31-at-13.07.56-2.jpeg 1536w\" sizes=\"(max-width: 189px) 100vw, 189px\" \/>Dzisiaj poznali\u015bmy kolejne pa\u0144stwo UE &#8211; Niemcy. <\/span><br \/>\n<span style=\"font-family: 'comic sans ms', sans-serif; font-size: 14pt; color: #ff0000;\">Dzieci nauczy\u0142y si\u0119 podstawowych s\u0142\u00f3w w j\u0119zyku niemieckim i zobaczy\u0142y na mapie, <\/span><br \/>\n<span style=\"font-family: 'comic sans ms', sans-serif; font-size: 14pt; color: #ff0000;\">gdzie le\u017c\u0105 Niemcy oraz znalaz\u0142y na mapie stolic\u0119 Niemiec &#8211; Berlin.<\/span><br \/>\n<span style=\"font-family: 'comic sans ms', sans-serif; font-size: 14pt; color: #fcd523;\"> Z puzzli u\u0142o\u017cyli\u015bmy flag\u0119 Niemiec oraz pokolorowali\u015bmy najwa\u017cniejsze zabytki w Niemczech.<\/span><\/p>\n<p><a href=\"https:\/\/flic.kr\/s\/aHBqjBZRdc\" target=\"_blank\" rel=\"noopener\"><span style=\"font-family: 'comic sans ms', sans-serif; font-size: 14pt; color: #0000ff;\">link do zdj\u0119\u0107<\/span><\/a><\/p>\n","protected":false},"excerpt":{"rendered":"<p>Dzisiaj poznali\u015bmy kolejne pa\u0144stwo UE &#8211; Niemcy. Dzieci nauczy\u0142y si\u0119 podstawowych s\u0142\u00f3w w j\u0119zyku niemieckim i zobaczy\u0142y na mapie, gdzie le\u017c\u0105 Niemcy oraz znalaz\u0142y na mapie stolic\u0119 Niemiec &#8211; Berlin. Z puzzli u\u0142o\u017cyli\u015bmy flag\u0119 Niemiec oraz pokolorowali\u015bmy najwa\u017cniejsze zabytki w Niemczech. link do zdj\u0119\u0107<\/p>\n","protected":false},"author":15,"featured_media":5305,"comment_status":"open","ping_status":"open","sticky":false,"template":"","format":"standard","meta":{"ngg_post_thumbnail":0,"footnotes":""},"categories":[286],"tags":[],"_links":{"self":[{"href":"https:\/\/pp8.kluczbork.pl\/index.php?rest_route=\/wp\/v2\/posts\/5301"}],"collection":[{"href":"https:\/\/pp8.kluczbork.pl\/index.php?rest_route=\/wp\/v2\/posts"}],"about":[{"href":"https:\/\/pp8.kluczbork.pl\/index.php?rest_route=\/wp\/v2\/types\/post"}],"author":[{"embeddable":true,"href":"https:\/\/pp8.kluczbork.pl\/index.php?rest_route=\/wp\/v2\/users\/15"}],"replies":[{"embeddable":true,"href":"https:\/\/pp8.kluczbork.pl\/index.php?rest_route=%2Fwp%2Fv2%2Fcomments&post=5301"}],"version-history":[{"count":1,"href":"https:\/\/pp8.kluczbork.pl\/index.php?rest_route=\/wp\/v2\/posts\/5301\/revisions"}],"predecessor-version":[{"id":5306,"href":"https:\/\/pp8.kluczbork.pl\/index.php?rest_route=\/wp\/v2\/posts\/5301\/revisions\/5306"}],"wp:featuredmedia":[{"embeddable":true,"href":"https:\/\/pp8.kluczbork.pl\/index.php?rest_route=\/wp\/v2\/media\/5305"}],"wp:attachment":[{"href":"https:\/\/pp8.kluczbork.pl\/index.php?rest_route=%2Fwp%2Fv2%2Fmedia&parent=5301"}],"wp:term":[{"taxonomy":"category","embeddable":true,"href":"https:\/\/pp8.kluczbork.pl\/index.php?rest_route=%2Fwp%2Fv2%2Fcategories&post=5301"},{"taxonomy":"post_tag","embeddable":true,"href":"https:\/\/pp8.kluczbork.pl\/index.php?rest_route=%2Fwp%2Fv2%2Ftags&post=5301"}],"curies":[{"name":"wp","href":"https:\/\/api.w.org\/{rel}","templated":true}]}}