{"id":5262,"date":"2025-01-10T16:39:36","date_gmt":"2025-01-10T16:39:36","guid":{"rendered":"https:\/\/pp8.kluczbork.pl\/?p=5262"},"modified":"2025-01-10T16:39:36","modified_gmt":"2025-01-10T16:39:36","slug":"szwecja-kraj-ue","status":"publish","type":"post","link":"https:\/\/pp8.kluczbork.pl\/?p=5262","title":{"rendered":"Szwecja &#8211; kraj UE"},"content":{"rendered":"<p><span style=\"font-family: 'comic sans ms', sans-serif; color: #0000ff; font-size: 14pt;\">Na pierwszym, w tym roku zaj\u0119ciach dzieci pozna\u0142y kraj UE &#8211; Szwecja \ud83c\uddf8\ud83c\uddea <\/span><\/p>\n<p><span style=\"font-family: 'comic sans ms', sans-serif; color: #0000ff; font-size: 14pt;\">Nauczyli\u015bmy si\u0119 powitania po szwedzku gdzie le\u017cy oraz flag\u0119 Szwecji.<\/span><br \/>\n<span style=\"font-family: 'comic sans ms', sans-serif; color: #0000ff; font-size: 14pt;\">Odczytali\u015bmy wiersz Hanny Niewiadomskiej \u201e\u015bled\u017a \u201e opowiedzieli\u015bmy o ciekawostkach . <\/span><br \/>\n<span style=\"font-family: 'comic sans ms', sans-serif; color: #0000ff; font-size: 14pt;\">By\u0142y r\u00f3wnie\u017c zabawy z wykorzystaniem kart prawda czy fa\u0142sz oraz kart pracy. <\/span><br \/>\n<span style=\"font-family: 'comic sans ms', sans-serif; color: #0000ff; font-size: 14pt;\">Na zako\u0144czenie spotkania ka\u017cdy przedszkolak mia\u0142 za zadanie pomalowa\u0107 flag\u0119 Szwecji. <\/span><br \/>\n<span style=\"font-family: 'comic sans ms', sans-serif; color: #0000ff; font-size: 14pt;\">Wszystkie prace wysz\u0142y wspaniale.<\/span><\/p>\n<p><img loading=\"lazy\" decoding=\"async\" class=\"alignnone size-medium wp-image-5264\" src=\"https:\/\/pp8.kluczbork.pl\/wp-content\/uploads\/2025\/01\/WhatsApp-Image-2025-01-10-at-13.03.25-7-300x225.jpeg\" alt=\"\" width=\"300\" height=\"225\" srcset=\"https:\/\/pp8.kluczbork.pl\/wp-content\/uploads\/2025\/01\/WhatsApp-Image-2025-01-10-at-13.03.25-7-300x225.jpeg 300w, https:\/\/pp8.kluczbork.pl\/wp-content\/uploads\/2025\/01\/WhatsApp-Image-2025-01-10-at-13.03.25-7-1024x768.jpeg 1024w, https:\/\/pp8.kluczbork.pl\/wp-content\/uploads\/2025\/01\/WhatsApp-Image-2025-01-10-at-13.03.25-7-768x576.jpeg 768w, https:\/\/pp8.kluczbork.pl\/wp-content\/uploads\/2025\/01\/WhatsApp-Image-2025-01-10-at-13.03.25-7-1536x1152.jpeg 1536w, https:\/\/pp8.kluczbork.pl\/wp-content\/uploads\/2025\/01\/WhatsApp-Image-2025-01-10-at-13.03.25-7.jpeg 2048w\" sizes=\"(max-width: 300px) 100vw, 300px\" \/> <img loading=\"lazy\" decoding=\"async\" class=\"alignnone size-medium wp-image-5265\" src=\"https:\/\/pp8.kluczbork.pl\/wp-content\/uploads\/2025\/01\/WhatsApp-Image-2025-01-10-at-13.03.25-300x225.jpeg\" alt=\"\" width=\"300\" height=\"225\" srcset=\"https:\/\/pp8.kluczbork.pl\/wp-content\/uploads\/2025\/01\/WhatsApp-Image-2025-01-10-at-13.03.25-300x225.jpeg 300w, https:\/\/pp8.kluczbork.pl\/wp-content\/uploads\/2025\/01\/WhatsApp-Image-2025-01-10-at-13.03.25-1024x768.jpeg 1024w, https:\/\/pp8.kluczbork.pl\/wp-content\/uploads\/2025\/01\/WhatsApp-Image-2025-01-10-at-13.03.25-768x576.jpeg 768w, https:\/\/pp8.kluczbork.pl\/wp-content\/uploads\/2025\/01\/WhatsApp-Image-2025-01-10-at-13.03.25-1536x1152.jpeg 1536w, https:\/\/pp8.kluczbork.pl\/wp-content\/uploads\/2025\/01\/WhatsApp-Image-2025-01-10-at-13.03.25.jpeg 2048w\" sizes=\"(max-width: 300px) 100vw, 300px\" \/><\/p>\n<p><span style=\"font-family: 'comic sans ms', sans-serif; font-size: 14pt; color: #ff9900;\">To by\u0142a wspania\u0142a podr\u00f3\u017c do Szwecji.<\/span><\/p>\n<p><a href=\"https:\/\/flic.kr\/s\/aHBqjBXKaH\" target=\"_blank\" rel=\"noopener\">Link do zdj\u0119\u0107<\/a><\/p>\n","protected":false},"excerpt":{"rendered":"<p>Na pierwszym, w tym roku zaj\u0119ciach dzieci pozna\u0142y kraj UE &#8211; Szwecja \ud83c\uddf8\ud83c\uddea Nauczyli\u015bmy si\u0119 powitania po szwedzku gdzie le\u017cy oraz flag\u0119 Szwecji. Odczytali\u015bmy wiersz Hanny Niewiadomskiej \u201e\u015bled\u017a \u201e opowiedzieli\u015bmy o ciekawostkach . By\u0142y r\u00f3wnie\u017c zabawy z wykorzystaniem kart prawda czy fa\u0142sz oraz kart pracy. Na zako\u0144czenie spotkania ka\u017cdy przedszkolak [&hellip;]<\/p>\n","protected":false},"author":15,"featured_media":5263,"comment_status":"open","ping_status":"open","sticky":false,"template":"","format":"standard","meta":{"ngg_post_thumbnail":0,"footnotes":""},"categories":[286],"tags":[],"_links":{"self":[{"href":"https:\/\/pp8.kluczbork.pl\/index.php?rest_route=\/wp\/v2\/posts\/5262"}],"collection":[{"href":"https:\/\/pp8.kluczbork.pl\/index.php?rest_route=\/wp\/v2\/posts"}],"about":[{"href":"https:\/\/pp8.kluczbork.pl\/index.php?rest_route=\/wp\/v2\/types\/post"}],"author":[{"embeddable":true,"href":"https:\/\/pp8.kluczbork.pl\/index.php?rest_route=\/wp\/v2\/users\/15"}],"replies":[{"embeddable":true,"href":"https:\/\/pp8.kluczbork.pl\/index.php?rest_route=%2Fwp%2Fv2%2Fcomments&post=5262"}],"version-history":[{"count":1,"href":"https:\/\/pp8.kluczbork.pl\/index.php?rest_route=\/wp\/v2\/posts\/5262\/revisions"}],"predecessor-version":[{"id":5266,"href":"https:\/\/pp8.kluczbork.pl\/index.php?rest_route=\/wp\/v2\/posts\/5262\/revisions\/5266"}],"wp:featuredmedia":[{"embeddable":true,"href":"https:\/\/pp8.kluczbork.pl\/index.php?rest_route=\/wp\/v2\/media\/5263"}],"wp:attachment":[{"href":"https:\/\/pp8.kluczbork.pl\/index.php?rest_route=%2Fwp%2Fv2%2Fmedia&parent=5262"}],"wp:term":[{"taxonomy":"category","embeddable":true,"href":"https:\/\/pp8.kluczbork.pl\/index.php?rest_route=%2Fwp%2Fv2%2Fcategories&post=5262"},{"taxonomy":"post_tag","embeddable":true,"href":"https:\/\/pp8.kluczbork.pl\/index.php?rest_route=%2Fwp%2Fv2%2Ftags&post=5262"}],"curies":[{"name":"wp","href":"https:\/\/api.w.org\/{rel}","templated":true}]}}