{"id":5205,"date":"2024-12-24T06:02:47","date_gmt":"2024-12-24T06:02:47","guid":{"rendered":"https:\/\/pp8.kluczbork.pl\/?p=5205"},"modified":"2024-12-24T06:03:07","modified_gmt":"2024-12-24T06:03:07","slug":"5205","status":"publish","type":"post","link":"https:\/\/pp8.kluczbork.pl\/?p=5205","title":{"rendered":"Jase\u0142ka"},"content":{"rendered":"<p style=\"text-align: center;\"><span style=\"font-family: 'comic sans ms', sans-serif; font-size: 14pt; color: #008000;\">Sze\u015bciolatki zaprosi\u0142y swoich rodzic\u00f3w na bo\u017conarodzeniowe przedstawienie.<br \/>\nPi\u0119kna sceneria wprowadzi\u0142a go\u015bci zgromadzonych w \u015bwi\u0105teczny nastr\u00f3j.<br \/>\nDzieci 6 \u2013 letnie po raz pierwszy wcieli\u0142y si\u0119 w postacie zwi\u0105zane z narodzinami Pana Jezusa.<br \/>\nBy\u0142 wi\u0119c J\u00f3zef i Maryja, anio\u0142owie, pastuszkowie i&nbsp; Kr\u00f3lowie.<br \/>\nNie zabrak\u0142o r\u00f3wnie\u017c wielu kol\u0119d i pastora\u0142ek.<br \/>\nMali arty\u015bci z wielkim zaanga\u017cowaniem odtwarzali swoje role.<\/span><\/p>\n<p style=\"text-align: center;\"><a href=\"https:\/\/flic.kr\/s\/aHBqjBW4tf\" target=\"_blank\" rel=\"noopener\"><span style=\"font-family: 'comic sans ms', sans-serif; color: #ff0000; font-size: 14pt;\">link do zdj\u0119\u0107 i filmik\u00f3w<\/span><\/a><\/p>\n<p style=\"text-align: center;\"><span style=\"font-family: 'comic sans ms', sans-serif; font-size: 14pt; color: #0000ff;\">\u017byczymy Pa\u0144stwu, aby te \u015awi\u0119ta&nbsp;<b>Bo\u017cego Narodzenia<\/b>&nbsp;by\u0142y pe\u0142ne ciep\u0142a,<br \/>\nspokoju i rodzinnej atmosfery. Niech magia wigilijnego wieczoru przyniesie rado\u015b\u0107,<br \/>\na \u015bwi\u0105teczne dni b\u0119d\u0105 czasem odpoczynku i refleksji.<br \/>\nWeso\u0142ych \u015awi\u0105t i szcz\u0119\u015bliwego Nowego Roku!<\/span><\/p>\n","protected":false},"excerpt":{"rendered":"<p>Sze\u015bciolatki zaprosi\u0142y swoich rodzic\u00f3w na bo\u017conarodzeniowe przedstawienie. Pi\u0119kna sceneria wprowadzi\u0142a go\u015bci zgromadzonych w \u015bwi\u0105teczny nastr\u00f3j. Dzieci 6 \u2013 letnie po raz pierwszy wcieli\u0142y si\u0119 w postacie zwi\u0105zane z narodzinami Pana Jezusa. By\u0142 wi\u0119c J\u00f3zef i Maryja, anio\u0142owie, pastuszkowie i&nbsp; Kr\u00f3lowie. Nie zabrak\u0142o r\u00f3wnie\u017c wielu kol\u0119d i pastora\u0142ek. Mali arty\u015bci z [&hellip;]<\/p>\n","protected":false},"author":15,"featured_media":4746,"comment_status":"open","ping_status":"open","sticky":false,"template":"","format":"standard","meta":{"ngg_post_thumbnail":0,"footnotes":""},"categories":[29],"tags":[],"_links":{"self":[{"href":"https:\/\/pp8.kluczbork.pl\/index.php?rest_route=\/wp\/v2\/posts\/5205"}],"collection":[{"href":"https:\/\/pp8.kluczbork.pl\/index.php?rest_route=\/wp\/v2\/posts"}],"about":[{"href":"https:\/\/pp8.kluczbork.pl\/index.php?rest_route=\/wp\/v2\/types\/post"}],"author":[{"embeddable":true,"href":"https:\/\/pp8.kluczbork.pl\/index.php?rest_route=\/wp\/v2\/users\/15"}],"replies":[{"embeddable":true,"href":"https:\/\/pp8.kluczbork.pl\/index.php?rest_route=%2Fwp%2Fv2%2Fcomments&post=5205"}],"version-history":[{"count":2,"href":"https:\/\/pp8.kluczbork.pl\/index.php?rest_route=\/wp\/v2\/posts\/5205\/revisions"}],"predecessor-version":[{"id":5207,"href":"https:\/\/pp8.kluczbork.pl\/index.php?rest_route=\/wp\/v2\/posts\/5205\/revisions\/5207"}],"wp:featuredmedia":[{"embeddable":true,"href":"https:\/\/pp8.kluczbork.pl\/index.php?rest_route=\/wp\/v2\/media\/4746"}],"wp:attachment":[{"href":"https:\/\/pp8.kluczbork.pl\/index.php?rest_route=%2Fwp%2Fv2%2Fmedia&parent=5205"}],"wp:term":[{"taxonomy":"category","embeddable":true,"href":"https:\/\/pp8.kluczbork.pl\/index.php?rest_route=%2Fwp%2Fv2%2Fcategories&post=5205"},{"taxonomy":"post_tag","embeddable":true,"href":"https:\/\/pp8.kluczbork.pl\/index.php?rest_route=%2Fwp%2Fv2%2Ftags&post=5205"}],"curies":[{"name":"wp","href":"https:\/\/api.w.org\/{rel}","templated":true}]}}