{"id":5107,"date":"2024-12-03T18:24:20","date_gmt":"2024-12-03T18:24:20","guid":{"rendered":"https:\/\/pp8.kluczbork.pl\/?p=5107"},"modified":"2024-12-03T18:24:20","modified_gmt":"2024-12-03T18:24:20","slug":"andrzejki-2024","status":"publish","type":"post","link":"https:\/\/pp8.kluczbork.pl\/?p=5107","title":{"rendered":"Andrzejki 2024"},"content":{"rendered":"<p>W naszym przedszkolu co roku podtrzymujemy tradycje zwi\u0105zane z \u201eAndrzejkami\u201d.<br \/>\nTemu wydarzeniu towarzyszy\u0142y konkursy, zabawy i wr\u00f3\u017cby andrzejkowe.<br \/>\nWszystko to odbywa\u0142o si\u0119 w rytm ta\u0144c\u00f3w i \u015bpiew\u00f3w.<br \/>\nPrzedszkolaki z u\u015bmiechem na twarzy ch\u0119tnie bra\u0142y udzia\u0142 w zabawach andrzejkowych.<br \/>\nA na koniec &#8211; s\u0142odki pocz\u0119stunek.<br \/>\nDzie\u0144 ten dostarczy\u0142 przedszkolakom wielu prze\u017cy\u0107 i emocji,<br \/>\na przede wszystkim sta\u0142 si\u0119 okazj\u0105 do rozbudzenia dzieci\u0119cej ciekawo\u015bci<br \/>\noraz ch\u0119ci poznawania naszej ludowej tradycji.<\/p>\n<p><a href=\"https:\/\/flic.kr\/s\/aHBqjBTUqW\">Galeria<\/a><\/p>\n","protected":false},"excerpt":{"rendered":"<p>W naszym przedszkolu co roku podtrzymujemy tradycje zwi\u0105zane z \u201eAndrzejkami\u201d. Temu wydarzeniu towarzyszy\u0142y konkursy, zabawy i wr\u00f3\u017cby andrzejkowe. Wszystko to odbywa\u0142o si\u0119 w rytm ta\u0144c\u00f3w i \u015bpiew\u00f3w. Przedszkolaki z u\u015bmiechem na twarzy ch\u0119tnie bra\u0142y udzia\u0142 w zabawach andrzejkowych. A na koniec &#8211; s\u0142odki pocz\u0119stunek. Dzie\u0144 ten dostarczy\u0142 przedszkolakom wielu prze\u017cy\u0107 [&hellip;]<\/p>\n","protected":false},"author":16,"featured_media":3455,"comment_status":"open","ping_status":"open","sticky":false,"template":"","format":"standard","meta":{"ngg_post_thumbnail":0,"footnotes":""},"categories":[29],"tags":[],"_links":{"self":[{"href":"https:\/\/pp8.kluczbork.pl\/index.php?rest_route=\/wp\/v2\/posts\/5107"}],"collection":[{"href":"https:\/\/pp8.kluczbork.pl\/index.php?rest_route=\/wp\/v2\/posts"}],"about":[{"href":"https:\/\/pp8.kluczbork.pl\/index.php?rest_route=\/wp\/v2\/types\/post"}],"author":[{"embeddable":true,"href":"https:\/\/pp8.kluczbork.pl\/index.php?rest_route=\/wp\/v2\/users\/16"}],"replies":[{"embeddable":true,"href":"https:\/\/pp8.kluczbork.pl\/index.php?rest_route=%2Fwp%2Fv2%2Fcomments&post=5107"}],"version-history":[{"count":1,"href":"https:\/\/pp8.kluczbork.pl\/index.php?rest_route=\/wp\/v2\/posts\/5107\/revisions"}],"predecessor-version":[{"id":5108,"href":"https:\/\/pp8.kluczbork.pl\/index.php?rest_route=\/wp\/v2\/posts\/5107\/revisions\/5108"}],"wp:featuredmedia":[{"embeddable":true,"href":"https:\/\/pp8.kluczbork.pl\/index.php?rest_route=\/wp\/v2\/media\/3455"}],"wp:attachment":[{"href":"https:\/\/pp8.kluczbork.pl\/index.php?rest_route=%2Fwp%2Fv2%2Fmedia&parent=5107"}],"wp:term":[{"taxonomy":"category","embeddable":true,"href":"https:\/\/pp8.kluczbork.pl\/index.php?rest_route=%2Fwp%2Fv2%2Fcategories&post=5107"},{"taxonomy":"post_tag","embeddable":true,"href":"https:\/\/pp8.kluczbork.pl\/index.php?rest_route=%2Fwp%2Fv2%2Ftags&post=5107"}],"curies":[{"name":"wp","href":"https:\/\/api.w.org\/{rel}","templated":true}]}}