{"id":5093,"date":"2024-11-15T09:04:00","date_gmt":"2024-11-15T09:04:00","guid":{"rendered":"https:\/\/pp8.kluczbork.pl\/?p=5093"},"modified":"2024-11-15T09:04:00","modified_gmt":"2024-11-15T09:04:00","slug":"powietrze-bez-smieci","status":"publish","type":"post","link":"https:\/\/pp8.kluczbork.pl\/?p=5093","title":{"rendered":"&#8222;Powietrze bez \u015bmieci&#8221;"},"content":{"rendered":"<p align=\"justify\"><b>24 pa\u017adziernika 2024 r<\/b>. odby\u0142o si\u0119 zaj\u0119cie \u201ePowietrze bez \u015bmieci\u201d, kt\u00f3rego celem by\u0142o podniesienie \u015bwiadomo\u015bci ekologicznej oraz przybli\u017cenie dzieciom poj\u0119cia ekologii. Zaj\u0119cia koncentrowa\u0142y si\u0119 na szeroko rozumianych zagadnieniach zwi\u0105zanych z ochron\u0105 powietrza, kt\u00f3rym oddychamy na co dzie\u0144. Cho\u0107 wszyscy zdajemy sobie spraw\u0119, \u017ce powietrze jest niezb\u0119dne do \u017cycia, w wielu miastach jego jako\u015b\u0107 pozostawia wiele do \u017cyczenia \u2013 poziom zanieczyszcze\u0144 cz\u0119sto osi\u0105ga niebezpieczne warto\u015bci. Smog, ple\u015b\u0144, alergeny oraz szkodliwe bakterie stanowi\u0105 powa\u017cne zagro\u017cenie dla naszego zdrowia, wp\u0142ywaj\u0105c negatywnie na uk\u0142ad oddechowy, uk\u0142ad odporno\u015bciowy i og\u00f3lne samopoczucie.<\/p>\n<p align=\"justify\">Podczas zaj\u0119\u0107 zwr\u00f3cono uwag\u0119 na to, jak wielkie znaczenie ma jako\u015b\u0107 powietrza, kt\u00f3rym oddychamy, dla zdrowia ludzi i ca\u0142ych ekosystem\u00f3w. Dzieci dowiedzia\u0142y si\u0119, \u017ce w miejscach, gdzie powietrze jest czyste, ludzie s\u0105 mniej nara\u017ceni na choroby uk\u0142adu oddechowego, alergie oraz inne problemy zdrowotne. Zaj\u0119cie mia\u0142o na celu nie tylko przekazanie wiedzy, ale r\u00f3wnie\u017c kszta\u0142towanie postaw proekologicznych, poprzez pokazanie, jak codzienne wybory mog\u0105 wp\u0142ywa\u0107 na stan powietrza i \u015brodowiska naturalnego.<\/p>\n<p align=\"justify\">Dzi\u0119ki takim zaj\u0119ciom przedszkolaki rozwijaj\u0105 w sobie \u015bwiadomo\u015b\u0107 ekologiczn\u0105 oraz ucz\u0105 si\u0119, jak wa\u017cne jest dbanie o otaczaj\u0105c\u0105 nas przyrod\u0119. Zaj\u0119cie by\u0142o r\u00f3wnie\u017c okazj\u0105 do wsp\u00f3lnej zabawy i nauki poprzez praktyczne \u0107wiczenia i interaktywne gry, kt\u00f3re pozwala\u0142y na poznanie prostych, ale skutecznych sposob\u00f3w ochrony \u015brodowiska. Takie podej\u015bcie sprawia, \u017ce dzieci s\u0105 nie tylko bardziej \u015bwiadome, ale tak\u017ce zmotywowane do wdra\u017cania proekologicznych nawyk\u00f3w w swoim \u017cyciu i dzielenia si\u0119 nimi z rodzin\u0105 i r\u00f3wie\u015bnikami.<\/p>\n<p align=\"justify\">\u015awiadomo\u015b\u0107 ekologiczna, szczeg\u00f3lnie w\u015br\u00f3d m\u0142odego pokolenia, jest kluczem do zr\u00f3wnowa\u017conej przysz\u0142o\u015bci naszej planety. Dlatego edukacja w zakresie przeciwdzia\u0142ania emisjom gaz\u00f3w i ochrony powietrza powinna by\u0107 traktowana jako priorytetowa kwestia, dotycz\u0105ca nas wszystkich. Zaj\u0119cia te przypomina\u0142y, \u017ce ochrona \u015brodowiska to wyzwanie zar\u00f3wno globalne, jak i lokalne \u2013 mo\u017cemy na nie wp\u0142ywa\u0107 poprzez nasze codzienne decyzje, maj\u0105c realny wp\u0142yw na jako\u015b\u0107 \u017cycia i przysz\u0142o\u015b\u0107 naszego otoczenia.<\/p>\n<p align=\"justify\">Violetta Marcinkowska<\/p>\n<p><a href=\"https:\/\/flic.kr\/s\/aHBqjBRMTs\">GALERIA ZDJ\u0118\u0106:<\/a><\/p>\n","protected":false},"excerpt":{"rendered":"<p>24 pa\u017adziernika 2024 r. odby\u0142o si\u0119 zaj\u0119cie \u201ePowietrze bez \u015bmieci\u201d, kt\u00f3rego celem by\u0142o podniesienie \u015bwiadomo\u015bci ekologicznej oraz przybli\u017cenie dzieciom poj\u0119cia ekologii. Zaj\u0119cia koncentrowa\u0142y si\u0119 na szeroko rozumianych zagadnieniach zwi\u0105zanych z ochron\u0105 powietrza, kt\u00f3rym oddychamy na co dzie\u0144. Cho\u0107 wszyscy zdajemy sobie spraw\u0119, \u017ce powietrze jest niezb\u0119dne do \u017cycia, w wielu [&hellip;]<\/p>\n","protected":false},"author":3,"featured_media":0,"comment_status":"open","ping_status":"open","sticky":false,"template":"","format":"standard","meta":{"ngg_post_thumbnail":0,"footnotes":""},"categories":[280],"tags":[],"_links":{"self":[{"href":"https:\/\/pp8.kluczbork.pl\/index.php?rest_route=\/wp\/v2\/posts\/5093"}],"collection":[{"href":"https:\/\/pp8.kluczbork.pl\/index.php?rest_route=\/wp\/v2\/posts"}],"about":[{"href":"https:\/\/pp8.kluczbork.pl\/index.php?rest_route=\/wp\/v2\/types\/post"}],"author":[{"embeddable":true,"href":"https:\/\/pp8.kluczbork.pl\/index.php?rest_route=\/wp\/v2\/users\/3"}],"replies":[{"embeddable":true,"href":"https:\/\/pp8.kluczbork.pl\/index.php?rest_route=%2Fwp%2Fv2%2Fcomments&post=5093"}],"version-history":[{"count":1,"href":"https:\/\/pp8.kluczbork.pl\/index.php?rest_route=\/wp\/v2\/posts\/5093\/revisions"}],"predecessor-version":[{"id":5094,"href":"https:\/\/pp8.kluczbork.pl\/index.php?rest_route=\/wp\/v2\/posts\/5093\/revisions\/5094"}],"wp:attachment":[{"href":"https:\/\/pp8.kluczbork.pl\/index.php?rest_route=%2Fwp%2Fv2%2Fmedia&parent=5093"}],"wp:term":[{"taxonomy":"category","embeddable":true,"href":"https:\/\/pp8.kluczbork.pl\/index.php?rest_route=%2Fwp%2Fv2%2Fcategories&post=5093"},{"taxonomy":"post_tag","embeddable":true,"href":"https:\/\/pp8.kluczbork.pl\/index.php?rest_route=%2Fwp%2Fv2%2Ftags&post=5093"}],"curies":[{"name":"wp","href":"https:\/\/api.w.org\/{rel}","templated":true}]}}