{"id":5089,"date":"2024-11-15T08:50:06","date_gmt":"2024-11-15T08:50:06","guid":{"rendered":"https:\/\/pp8.kluczbork.pl\/?p=5089"},"modified":"2024-11-15T08:50:06","modified_gmt":"2024-11-15T08:50:06","slug":"dbamy-o-powietrze","status":"publish","type":"post","link":"https:\/\/pp8.kluczbork.pl\/?p=5089","title":{"rendered":"&#8222;Dbamy o powietrze&#8221;"},"content":{"rendered":"<p align=\"justify\"><b>22 pa\u017adziernika 2024 r.<\/b> w naszym przedszkolu odby\u0142o si\u0119 zaj\u0119cie dla sze\u015bciolatk\u00f3w pt: \u201eDbamy o powietrze<span style=\"font-family: Arial, sans-serif\"><span style=\"font-size: medium\">\u201d<\/span><\/span>, kt\u00f3rego celem by\u0142o promowanie proekologicznych postaw i nawyk\u00f3w oraz pokazanie dzieciom, jak wprowadza\u0107 ekologiczne rozwi\u0105zania w codziennym \u017cyciu i jak skutecznie dzia\u0142a\u0107 na rzecz ochrony \u015brodowiska. Przedszkolaki mia\u0142y okazj\u0119 dowiedzie\u0107 si\u0119, jak ogranicza\u0107 zu\u017cycie energii, minimalizowa\u0107 emisj\u0119 spalin, prawid\u0142owo segregowa\u0107 odpady oraz korzysta\u0107 z odnawialnych \u017ar\u00f3de\u0142 energii.<\/p>\n<p align=\"justify\">Zaj\u0119cia takie odgrywaj\u0105 kluczow\u0105 rol\u0119 w kszta\u0142towaniu odpowiedzialno\u015bci za nasz\u0105 planet\u0119 ju\u017c od najm\u0142odszych lat. Dzieci nie tylko zdobywaj\u0105 wiedz\u0119 na temat ochrony \u015brodowiska, ale tak\u017ce s\u0105 inspirowane do podejmowania konkretnych dzia\u0142a\u0144, kt\u00f3re mog\u0105 mie\u0107 realny wp\u0142yw na przysz\u0142o\u015b\u0107 naszego miasta i ca\u0142ego \u015bwiata. Uczestnicz\u0105c w takich inicjatywach, najm\u0142odsi ucz\u0105 si\u0119, \u017ce ka\u017cda, nawet najmniejsza zmiana w codziennym zachowaniu \u2013 jak wy\u0142\u0105czanie \u015bwiat\u0142a, gdy nie jest potrzebne, czy rezygnacja z jednorazowych plastikowych przedmiot\u00f3w \u2013 ma znaczenie dla ochrony klimatu. Przedszkolaki mia\u0142y okazj\u0119 r\u00f3wnie\u017c dowiedzie\u0107 si\u0119, jakie s\u0105 g\u0142\u00f3wne \u017ar\u00f3d\u0142a zanieczyszcze\u0144 powietrza, jak mo\u017cna je ogranicza\u0107, oraz w jaki spos\u00f3b ka\u017cdy z nas mo\u017ce przyczyni\u0107 si\u0119 do poprawy jako\u015bci powietrza. Podczas zaj\u0119\u0107 dzieci uczy\u0142y si\u0119 praktycznych dzia\u0142a\u0144 takich jak sadzenie ro\u015blin oczyszczaj\u0105cych powietrze, unikanie spalania \u015bmieci oraz promowanie ekologicznych \u015brodk\u00f3w transportu. Dzi\u0119ki takim inicjatywom m\u0142odzi ludzie staj\u0105 si\u0119 bardziej \u015bwiadomi ekologicznie i przygotowani do podejmowania \u015bwiadomych, odpowiedzialnych decyzji w przysz\u0142o\u015bci.<\/p>\n<p>Violetta Marcinkowska<\/p>\n<p><a href=\"https:\/\/flic.kr\/s\/aHBqjBRTyu\">GALERIA ZDJ\u0118\u0106<\/a><\/p>\n","protected":false},"excerpt":{"rendered":"<p>22 pa\u017adziernika 2024 r. w naszym przedszkolu odby\u0142o si\u0119 zaj\u0119cie dla sze\u015bciolatk\u00f3w pt: \u201eDbamy o powietrze\u201d, kt\u00f3rego celem by\u0142o promowanie proekologicznych postaw i nawyk\u00f3w oraz pokazanie dzieciom, jak wprowadza\u0107 ekologiczne rozwi\u0105zania w codziennym \u017cyciu i jak skutecznie dzia\u0142a\u0107 na rzecz ochrony \u015brodowiska. Przedszkolaki mia\u0142y okazj\u0119 dowiedzie\u0107 si\u0119, jak ogranicza\u0107 zu\u017cycie [&hellip;]<\/p>\n","protected":false},"author":3,"featured_media":4703,"comment_status":"open","ping_status":"open","sticky":false,"template":"","format":"standard","meta":{"ngg_post_thumbnail":0,"footnotes":""},"categories":[280],"tags":[],"_links":{"self":[{"href":"https:\/\/pp8.kluczbork.pl\/index.php?rest_route=\/wp\/v2\/posts\/5089"}],"collection":[{"href":"https:\/\/pp8.kluczbork.pl\/index.php?rest_route=\/wp\/v2\/posts"}],"about":[{"href":"https:\/\/pp8.kluczbork.pl\/index.php?rest_route=\/wp\/v2\/types\/post"}],"author":[{"embeddable":true,"href":"https:\/\/pp8.kluczbork.pl\/index.php?rest_route=\/wp\/v2\/users\/3"}],"replies":[{"embeddable":true,"href":"https:\/\/pp8.kluczbork.pl\/index.php?rest_route=%2Fwp%2Fv2%2Fcomments&post=5089"}],"version-history":[{"count":4,"href":"https:\/\/pp8.kluczbork.pl\/index.php?rest_route=\/wp\/v2\/posts\/5089\/revisions"}],"predecessor-version":[{"id":5096,"href":"https:\/\/pp8.kluczbork.pl\/index.php?rest_route=\/wp\/v2\/posts\/5089\/revisions\/5096"}],"wp:featuredmedia":[{"embeddable":true,"href":"https:\/\/pp8.kluczbork.pl\/index.php?rest_route=\/wp\/v2\/media\/4703"}],"wp:attachment":[{"href":"https:\/\/pp8.kluczbork.pl\/index.php?rest_route=%2Fwp%2Fv2%2Fmedia&parent=5089"}],"wp:term":[{"taxonomy":"category","embeddable":true,"href":"https:\/\/pp8.kluczbork.pl\/index.php?rest_route=%2Fwp%2Fv2%2Fcategories&post=5089"},{"taxonomy":"post_tag","embeddable":true,"href":"https:\/\/pp8.kluczbork.pl\/index.php?rest_route=%2Fwp%2Fv2%2Ftags&post=5089"}],"curies":[{"name":"wp","href":"https:\/\/api.w.org\/{rel}","templated":true}]}}