{"id":5001,"date":"2024-06-26T19:00:33","date_gmt":"2024-06-26T19:00:33","guid":{"rendered":"https:\/\/pp8.kluczbork.pl\/?p=5001"},"modified":"2024-06-26T19:00:33","modified_gmt":"2024-06-26T19:00:33","slug":"pozegnanie-6-latkow","status":"publish","type":"post","link":"https:\/\/pp8.kluczbork.pl\/?p=5001","title":{"rendered":"PO\u017bEGNANIE 6-LATK\u00d3W"},"content":{"rendered":"<p style=\"text-align: center\"><span style=\"color: #ff6600\">Dzi\u015b \u017cegnamy sze\u015bciolatki,<\/span><\/p>\n<p style=\"text-align: center\"><span style=\"color: #ff6600\">Przyszed\u0142 dla Was nowy czas.<\/span><\/p>\n<p style=\"text-align: center\"><span style=\"color: #ff6600\">Do nas przyjd\u0105 inne dzieci,<\/span><\/p>\n<p style=\"text-align: center\"><span style=\"color: #ff6600\">A my dzi\u015b \u017cegnamy Was.<\/span><\/p>\n<p style=\"text-align: center\">W naszym przedszkolu tradycj\u0105 sta\u0142o si\u0119,<\/p>\n<p style=\"text-align: center\">\u017ce pewne wydarzenia maj\u0105 bardzo donios\u0142\u0105 rang\u0119.<\/p>\n<p style=\"text-align: center\">Jednym z nich jest uroczyste po\u017cegnanie najstarszych przedszkolak\u00f3w,<\/p>\n<p style=\"text-align: center\">kt\u00f3re mia\u0142o miejsce\u00a0 <strong>21 czerwca 2024 roku .<\/strong><\/p>\n<p>&nbsp;<\/p>\n<p><a href=\"https:\/\/flic.kr\/s\/aHBqjBwZGQ\">Galeria zdj\u0119\u0107<\/a><\/p>\n","protected":false},"excerpt":{"rendered":"<p>Dzi\u015b \u017cegnamy sze\u015bciolatki, Przyszed\u0142 dla Was nowy czas. Do nas przyjd\u0105 inne dzieci, A my dzi\u015b \u017cegnamy Was. W naszym przedszkolu tradycj\u0105 sta\u0142o si\u0119, \u017ce pewne wydarzenia maj\u0105 bardzo donios\u0142\u0105 rang\u0119. Jednym z nich jest uroczyste po\u017cegnanie najstarszych przedszkolak\u00f3w, kt\u00f3re mia\u0142o miejsce\u00a0 21 czerwca 2024 roku . &nbsp; Galeria zdj\u0119\u0107<\/p>\n","protected":false},"author":4,"featured_media":5002,"comment_status":"open","ping_status":"open","sticky":false,"template":"","format":"standard","meta":{"ngg_post_thumbnail":0,"footnotes":""},"categories":[31],"tags":[],"_links":{"self":[{"href":"https:\/\/pp8.kluczbork.pl\/index.php?rest_route=\/wp\/v2\/posts\/5001"}],"collection":[{"href":"https:\/\/pp8.kluczbork.pl\/index.php?rest_route=\/wp\/v2\/posts"}],"about":[{"href":"https:\/\/pp8.kluczbork.pl\/index.php?rest_route=\/wp\/v2\/types\/post"}],"author":[{"embeddable":true,"href":"https:\/\/pp8.kluczbork.pl\/index.php?rest_route=\/wp\/v2\/users\/4"}],"replies":[{"embeddable":true,"href":"https:\/\/pp8.kluczbork.pl\/index.php?rest_route=%2Fwp%2Fv2%2Fcomments&post=5001"}],"version-history":[{"count":1,"href":"https:\/\/pp8.kluczbork.pl\/index.php?rest_route=\/wp\/v2\/posts\/5001\/revisions"}],"predecessor-version":[{"id":5003,"href":"https:\/\/pp8.kluczbork.pl\/index.php?rest_route=\/wp\/v2\/posts\/5001\/revisions\/5003"}],"wp:featuredmedia":[{"embeddable":true,"href":"https:\/\/pp8.kluczbork.pl\/index.php?rest_route=\/wp\/v2\/media\/5002"}],"wp:attachment":[{"href":"https:\/\/pp8.kluczbork.pl\/index.php?rest_route=%2Fwp%2Fv2%2Fmedia&parent=5001"}],"wp:term":[{"taxonomy":"category","embeddable":true,"href":"https:\/\/pp8.kluczbork.pl\/index.php?rest_route=%2Fwp%2Fv2%2Fcategories&post=5001"},{"taxonomy":"post_tag","embeddable":true,"href":"https:\/\/pp8.kluczbork.pl\/index.php?rest_route=%2Fwp%2Fv2%2Ftags&post=5001"}],"curies":[{"name":"wp","href":"https:\/\/api.w.org\/{rel}","templated":true}]}}