{"id":4979,"date":"2024-06-08T18:45:05","date_gmt":"2024-06-08T18:45:05","guid":{"rendered":"https:\/\/pp8.kluczbork.pl\/?p=4979"},"modified":"2024-06-08T18:45:05","modified_gmt":"2024-06-08T18:45:05","slug":"ix-wojewodzki-przeglad-zespolow-tanecznych-balerina-2024","status":"publish","type":"post","link":"https:\/\/pp8.kluczbork.pl\/?p=4979","title":{"rendered":"IX Wojew\u00f3dzki Przegl\u0105d Zespo\u0142\u00f3w Tanecznych BALERINA 2024"},"content":{"rendered":"<p style=\"text-align: center\">8 czerwca odby\u0142 si\u0119\u00a0 IX Wojew\u00f3dzki Przegl\u0105d Taneczny Przedszkolak\u00f3w<\/p>\n<p style=\"text-align: center\">o Puchar Starosty Kluczborskiego i Burmistrza Kluczborka<\/p>\n<p style=\"text-align: center\">To coroczne wydarzenie ma na celu promowanie talent\u00f3w tanecznych<\/p>\n<p style=\"text-align: center\">w\u015br\u00f3d najm\u0142odszych dzieci z przedszkoli w ca\u0142ym wojew\u00f3dztwie.<\/p>\n<p>Nasze przedszkole reprezentowali: Melisa i Piotrek, Antosia i Tymon oraz Iga i Wojtek zdobywaj\u0105c I miejsce.<\/p>\n<p style=\"text-align: center\">\n<p>Gratulujemy !!!<\/p>\n<p>&nbsp;<\/p>\n<p><a href=\"https:\/\/flic.kr\/s\/aHBqjBueLC\">Galeria zdj\u0119\u0107<\/a><\/p>\n","protected":false},"excerpt":{"rendered":"<p>8 czerwca odby\u0142 si\u0119\u00a0 IX Wojew\u00f3dzki Przegl\u0105d Taneczny Przedszkolak\u00f3w o Puchar Starosty Kluczborskiego i Burmistrza Kluczborka To coroczne wydarzenie ma na celu promowanie talent\u00f3w tanecznych w\u015br\u00f3d najm\u0142odszych dzieci z przedszkoli w ca\u0142ym wojew\u00f3dztwie. Nasze przedszkole reprezentowali: Melisa i Piotrek, Antosia i Tymon oraz Iga i Wojtek zdobywaj\u0105c I miejsce. Gratulujemy [&hellip;]<\/p>\n","protected":false},"author":4,"featured_media":4980,"comment_status":"open","ping_status":"open","sticky":false,"template":"","format":"standard","meta":{"ngg_post_thumbnail":0,"footnotes":""},"categories":[31],"tags":[],"_links":{"self":[{"href":"https:\/\/pp8.kluczbork.pl\/index.php?rest_route=\/wp\/v2\/posts\/4979"}],"collection":[{"href":"https:\/\/pp8.kluczbork.pl\/index.php?rest_route=\/wp\/v2\/posts"}],"about":[{"href":"https:\/\/pp8.kluczbork.pl\/index.php?rest_route=\/wp\/v2\/types\/post"}],"author":[{"embeddable":true,"href":"https:\/\/pp8.kluczbork.pl\/index.php?rest_route=\/wp\/v2\/users\/4"}],"replies":[{"embeddable":true,"href":"https:\/\/pp8.kluczbork.pl\/index.php?rest_route=%2Fwp%2Fv2%2Fcomments&post=4979"}],"version-history":[{"count":1,"href":"https:\/\/pp8.kluczbork.pl\/index.php?rest_route=\/wp\/v2\/posts\/4979\/revisions"}],"predecessor-version":[{"id":4981,"href":"https:\/\/pp8.kluczbork.pl\/index.php?rest_route=\/wp\/v2\/posts\/4979\/revisions\/4981"}],"wp:featuredmedia":[{"embeddable":true,"href":"https:\/\/pp8.kluczbork.pl\/index.php?rest_route=\/wp\/v2\/media\/4980"}],"wp:attachment":[{"href":"https:\/\/pp8.kluczbork.pl\/index.php?rest_route=%2Fwp%2Fv2%2Fmedia&parent=4979"}],"wp:term":[{"taxonomy":"category","embeddable":true,"href":"https:\/\/pp8.kluczbork.pl\/index.php?rest_route=%2Fwp%2Fv2%2Fcategories&post=4979"},{"taxonomy":"post_tag","embeddable":true,"href":"https:\/\/pp8.kluczbork.pl\/index.php?rest_route=%2Fwp%2Fv2%2Ftags&post=4979"}],"curies":[{"name":"wp","href":"https:\/\/api.w.org\/{rel}","templated":true}]}}