{"id":4976,"date":"2024-06-08T18:23:56","date_gmt":"2024-06-08T18:23:56","guid":{"rendered":"https:\/\/pp8.kluczbork.pl\/?p=4976"},"modified":"2024-06-08T18:23:56","modified_gmt":"2024-06-08T18:23:56","slug":"festiwal-piosenki-przedszkolnej","status":"publish","type":"post","link":"https:\/\/pp8.kluczbork.pl\/?p=4976","title":{"rendered":"FESTIWAL PIOSENKI PRZEDSZKOLNEJ"},"content":{"rendered":"<p style=\"text-align: center\">16 MAJA na scenie Wo\u0142czy\u0144skiego O\u015brodka Kultury<\/p>\n<p style=\"text-align: center\">odby\u0142 si\u0119 III Powiatowy Festiwal Piosenki Przedszkolnej<\/p>\n<p style=\"text-align: center\">&#8222;Najpi\u0119kniejsze\u00a0 przedszkolne przeboje&#8221;<\/p>\n<p style=\"text-align: center\">Gratulacje dla Lidki !<\/p>\n<p>&nbsp;<\/p>\n<p><a href=\"https:\/\/flic.kr\/s\/aHBqjBrRsn\">ZDJ\u0118CIA<\/a><\/p>\n<p>&nbsp;<\/p>\n","protected":false},"excerpt":{"rendered":"<p>16 MAJA na scenie Wo\u0142czy\u0144skiego O\u015brodka Kultury odby\u0142 si\u0119 III Powiatowy Festiwal Piosenki Przedszkolnej &#8222;Najpi\u0119kniejsze\u00a0 przedszkolne przeboje&#8221; Gratulacje dla Lidki ! &nbsp; ZDJ\u0118CIA &nbsp;<\/p>\n","protected":false},"author":4,"featured_media":4977,"comment_status":"open","ping_status":"open","sticky":false,"template":"","format":"standard","meta":{"ngg_post_thumbnail":0,"footnotes":""},"categories":[31],"tags":[],"_links":{"self":[{"href":"https:\/\/pp8.kluczbork.pl\/index.php?rest_route=\/wp\/v2\/posts\/4976"}],"collection":[{"href":"https:\/\/pp8.kluczbork.pl\/index.php?rest_route=\/wp\/v2\/posts"}],"about":[{"href":"https:\/\/pp8.kluczbork.pl\/index.php?rest_route=\/wp\/v2\/types\/post"}],"author":[{"embeddable":true,"href":"https:\/\/pp8.kluczbork.pl\/index.php?rest_route=\/wp\/v2\/users\/4"}],"replies":[{"embeddable":true,"href":"https:\/\/pp8.kluczbork.pl\/index.php?rest_route=%2Fwp%2Fv2%2Fcomments&post=4976"}],"version-history":[{"count":1,"href":"https:\/\/pp8.kluczbork.pl\/index.php?rest_route=\/wp\/v2\/posts\/4976\/revisions"}],"predecessor-version":[{"id":4978,"href":"https:\/\/pp8.kluczbork.pl\/index.php?rest_route=\/wp\/v2\/posts\/4976\/revisions\/4978"}],"wp:featuredmedia":[{"embeddable":true,"href":"https:\/\/pp8.kluczbork.pl\/index.php?rest_route=\/wp\/v2\/media\/4977"}],"wp:attachment":[{"href":"https:\/\/pp8.kluczbork.pl\/index.php?rest_route=%2Fwp%2Fv2%2Fmedia&parent=4976"}],"wp:term":[{"taxonomy":"category","embeddable":true,"href":"https:\/\/pp8.kluczbork.pl\/index.php?rest_route=%2Fwp%2Fv2%2Fcategories&post=4976"},{"taxonomy":"post_tag","embeddable":true,"href":"https:\/\/pp8.kluczbork.pl\/index.php?rest_route=%2Fwp%2Fv2%2Ftags&post=4976"}],"curies":[{"name":"wp","href":"https:\/\/api.w.org\/{rel}","templated":true}]}}