{"id":4955,"date":"2024-05-20T18:15:42","date_gmt":"2024-05-20T18:15:42","guid":{"rendered":"https:\/\/pp8.kluczbork.pl\/?p=4955"},"modified":"2024-05-20T18:15:42","modified_gmt":"2024-05-20T18:15:42","slug":"afrykanskie-rytmy","status":"publish","type":"post","link":"https:\/\/pp8.kluczbork.pl\/?p=4955","title":{"rendered":"Afryka\u0144skie Rytmy"},"content":{"rendered":"<p style=\"font-weight: 400;\">W s\u0142oneczny poranek przedszkolaki z naszego przedszkola<br \/>\nmia\u0142y okazj\u0119 zanurzy\u0107 si\u0119 w rytmach i d\u017awi\u0119kach Afryki.&nbsp;<br \/>\nDo plac\u00f3wki zawita\u0142 wyj\u0105tkowy go\u015b\u0107 &#8211; muzyk specjalizuj\u0105cy si\u0119<br \/>\nw&nbsp;<strong>instrumentach afryka\u0144skich<\/strong>,&nbsp;a w szczeg\u00f3lno\u015bci w&nbsp;<strong>b\u0119bnach afryka\u0144skich<\/strong>.<\/p>\n<p style=\"font-weight: 400;\" data-sourcepos=\"5:1-5:273\">Ju\u017c od samego wej\u015bcia dzieci oczarowa\u0142a r\u00f3\u017cnorodno\u015b\u0107 instrument\u00f3w,<br \/>\n&nbsp;kt\u00f3re muzyk przywi\u00f3z\u0142 ze sob\u0105.&nbsp;<strong>B\u0119bny djembe<\/strong>&nbsp;o r\u00f3\u017cnych rozmiarach<br \/>\n&#8211; ka\u017cdy z nich mia\u0142 sw\u00f3j unikalny charakter i brzmienie.<\/p>\n<p style=\"font-weight: 400;\" data-sourcepos=\"7:1-7:300\">Muzyk zaprosi\u0142 dzieci do wsp\u00f3lnej zabawy i muzycznej podr\u00f3\u017cy.&nbsp;<br \/>\nNajpierw opowiedzia\u0142 im o historii i znaczeniu&nbsp;<strong>b\u0119bn\u00f3w afryka\u0144skich<br \/>\n<\/strong>&nbsp;w kulturze Afryki oraz z czego s\u0105 wykonane.&nbsp;<br \/>\nDzieci dowiedzia\u0142y si\u0119,&nbsp;\u017ce&nbsp;<strong>b\u0119bny<\/strong>&nbsp;odgrywaj\u0105 wa\u017cn\u0105 rol\u0119 w \u017cyciu Afryka\u0144czyk\u00f3w,<br \/>\ntowarzysz\u0105 &nbsp;im w codziennych czynno\u015bciach,&nbsp;\u015bwi\u0119tach i ceremoniach.<\/p>\n<p style=\"font-weight: 400;\" data-sourcepos=\"9:1-9:253\">Nast\u0119pnie nadszed\u0142 czas na wsp\u00f3lne muzykowanie.&nbsp;<br \/>\nMuzyk pokaza\u0142 dzieciom,&nbsp;jak gra\u0107 na&nbsp;<strong>b\u0119bnach djembe<\/strong>,&nbsp;<br \/>\na one z zapa\u0142em na\u015bladowa\u0142y jego ruchy.&nbsp;<br \/>\nNa podw\u00f3rku przedszkolnym rozbrzmia\u0142y weso\u0142e rytmy afryka\u0144skich melodii.<\/p>\n<p style=\"font-weight: 400;\" data-sourcepos=\"11:1-11:301\">Spotkanie z muzyk\u0105 Afryki by\u0142o dla przedszkolak\u00f3w<br \/>\nnie tylko \u015bwietn\u0105 zabaw\u0105,&nbsp;ale te\u017c cenn\u0105 lekcj\u0105 kulturoznawstwa.<br \/>\nDzieci mia\u0142y okazj\u0119 pozna\u0107 inn\u0105 kultur\u0119 i jej muzyczne tradycje,&nbsp;<br \/>\nw szczeg\u00f3lno\u015bci pozna\u0107&nbsp;<strong>b\u0119bny afryka\u0144skie<\/strong>&nbsp;i ich znaczenie.&nbsp;<br \/>\nTo do\u015bwiadczenie z pewno\u015bci\u0105 na d\u0142ugo zapadnie im w pami\u0119ci.<\/p>\n<p><a href=\"https:\/\/flic.kr\/s\/aHBqjBrbid\">Galeria<\/a><\/p>\n","protected":false},"excerpt":{"rendered":"<p>W s\u0142oneczny poranek przedszkolaki z naszego przedszkola mia\u0142y okazj\u0119 zanurzy\u0107 si\u0119 w rytmach i d\u017awi\u0119kach Afryki.&nbsp; Do plac\u00f3wki zawita\u0142 wyj\u0105tkowy go\u015b\u0107 &#8211; muzyk specjalizuj\u0105cy si\u0119 w&nbsp;instrumentach afryka\u0144skich,&nbsp;a w szczeg\u00f3lno\u015bci w&nbsp;b\u0119bnach afryka\u0144skich. Ju\u017c od samego wej\u015bcia dzieci oczarowa\u0142a r\u00f3\u017cnorodno\u015b\u0107 instrument\u00f3w, &nbsp;kt\u00f3re muzyk przywi\u00f3z\u0142 ze sob\u0105.&nbsp;B\u0119bny djembe&nbsp;o r\u00f3\u017cnych rozmiarach &#8211; ka\u017cdy z [&hellip;]<\/p>\n","protected":false},"author":16,"featured_media":4956,"comment_status":"open","ping_status":"open","sticky":false,"template":"","format":"standard","meta":{"ngg_post_thumbnail":0,"footnotes":""},"categories":[29],"tags":[],"_links":{"self":[{"href":"https:\/\/pp8.kluczbork.pl\/index.php?rest_route=\/wp\/v2\/posts\/4955"}],"collection":[{"href":"https:\/\/pp8.kluczbork.pl\/index.php?rest_route=\/wp\/v2\/posts"}],"about":[{"href":"https:\/\/pp8.kluczbork.pl\/index.php?rest_route=\/wp\/v2\/types\/post"}],"author":[{"embeddable":true,"href":"https:\/\/pp8.kluczbork.pl\/index.php?rest_route=\/wp\/v2\/users\/16"}],"replies":[{"embeddable":true,"href":"https:\/\/pp8.kluczbork.pl\/index.php?rest_route=%2Fwp%2Fv2%2Fcomments&post=4955"}],"version-history":[{"count":1,"href":"https:\/\/pp8.kluczbork.pl\/index.php?rest_route=\/wp\/v2\/posts\/4955\/revisions"}],"predecessor-version":[{"id":4957,"href":"https:\/\/pp8.kluczbork.pl\/index.php?rest_route=\/wp\/v2\/posts\/4955\/revisions\/4957"}],"wp:featuredmedia":[{"embeddable":true,"href":"https:\/\/pp8.kluczbork.pl\/index.php?rest_route=\/wp\/v2\/media\/4956"}],"wp:attachment":[{"href":"https:\/\/pp8.kluczbork.pl\/index.php?rest_route=%2Fwp%2Fv2%2Fmedia&parent=4955"}],"wp:term":[{"taxonomy":"category","embeddable":true,"href":"https:\/\/pp8.kluczbork.pl\/index.php?rest_route=%2Fwp%2Fv2%2Fcategories&post=4955"},{"taxonomy":"post_tag","embeddable":true,"href":"https:\/\/pp8.kluczbork.pl\/index.php?rest_route=%2Fwp%2Fv2%2Ftags&post=4955"}],"curies":[{"name":"wp","href":"https:\/\/api.w.org\/{rel}","templated":true}]}}