{"id":4938,"date":"2024-05-14T20:02:53","date_gmt":"2024-05-14T20:02:53","guid":{"rendered":"https:\/\/pp8.kluczbork.pl\/?p=4938"},"modified":"2024-06-12T18:02:13","modified_gmt":"2024-06-12T18:02:13","slug":"konkurs-ue","status":"publish","type":"post","link":"https:\/\/pp8.kluczbork.pl\/?p=4938","title":{"rendered":"Konkurs UE"},"content":{"rendered":"<div>\n<p><strong>Ju\u017c po raz <\/strong><strong>XV nasze &nbsp;<\/strong><strong>Przedszkole zorganizowa\u0142o<br \/>\nGminny Konkurs Wiedzy o Unii Europejskiej.<\/strong><span class=\"apple-converted-space\">&nbsp;<br \/>\n<\/span>W tym roku odby\u0142 si\u0119 od &nbsp;tytu\u0142em \u201eNASZE PODR\u00d3\u017bE PO EUROPIE\u201d.<br \/>\n<strong>W konkursie wzi\u0119\u0142y udzia\u0142 dru\u017cyny<\/strong><span class=\"apple-converted-space\">&nbsp;<\/span>z przedszkoli naszej gminy.<span class=\"apple-converted-space\">&nbsp;<br \/>\n<\/span>Dzieci zmierzy\u0142y si\u0119 z pytaniami &nbsp;tj. &nbsp;\u201eJakie to pa\u0144stwo?, W jakim j\u0119zyku rozmawiaj\u0105 w &#8230;?\u201d,<br \/>\nrozpoznawa\u0142y i nazywa\u0142y charakterystyczne zabytki danego kraju i wiele innych zabaw.<br \/>\nDzieci wykaza\u0142y si\u0119 ogromn\u0105 wiedz\u0105 i zaanga\u017cowaniem,<span class=\"apple-converted-space\">&nbsp;<br \/>\n<\/span>a konkursowa atmosfera by\u0142a pe\u0142na emocji i zdrowej rywalizacji.<br \/>\n<strong>By\u0142y r\u00f3wnie\u017c weso\u0142e zabawy i s\u0142odki pocz\u0119stunek.<br \/>\nNa zako\u0144czenie wszyscy <\/strong><strong>uczestnicy konkursu<br \/>\notrzymali nagrody i pami\u0105tkowe dyplomy<\/strong><strong>. <\/strong><br \/>\n<strong>Organizatorzy konkursu dzi\u0119kuj\u0105 wszystkim uczestnikom,<br \/>\nopiekunom i nauczycielom za udzia\u0142 w konkursie<\/strong><span class=\"apple-converted-space\">&nbsp;<\/span>i wspania\u0142ej zabawie.<br \/>\n<strong>XV Gminny Konkurs Wiedzy o Unii Europejskiej<\/strong><span class=\"apple-converted-space\">&nbsp;<br \/>\n<\/span>by\u0142 nie tylko sprawdzianem wiedzy,<span class=\"apple-converted-space\">&nbsp;<\/span>ale r\u00f3wnie\u017c wspania\u0142\u0105 okazj\u0105<br \/>\ndo integracji dzieci z r\u00f3\u017cnych przedszkoli<br \/>\ni rozwijania ich zainteresowania Europ\u0105 i jej warto\u015bciami.<br \/>\n<a href=\"https:\/\/flic.kr\/s\/aHBqjBqgxK\">GALERIA<\/a><\/p>\n<\/div>\n","protected":false},"excerpt":{"rendered":"<p>Ju\u017c po raz XV nasze &nbsp;Przedszkole zorganizowa\u0142o Gminny Konkurs Wiedzy o Unii Europejskiej.&nbsp; W tym roku odby\u0142 si\u0119 od &nbsp;tytu\u0142em \u201eNASZE PODR\u00d3\u017bE PO EUROPIE\u201d. W konkursie wzi\u0119\u0142y udzia\u0142 dru\u017cyny&nbsp;z przedszkoli naszej gminy.&nbsp; Dzieci zmierzy\u0142y si\u0119 z pytaniami &nbsp;tj. &nbsp;\u201eJakie to pa\u0144stwo?, W jakim j\u0119zyku rozmawiaj\u0105 w &#8230;?\u201d, rozpoznawa\u0142y i nazywa\u0142y [&hellip;]<\/p>\n","protected":false},"author":16,"featured_media":4940,"comment_status":"open","ping_status":"open","sticky":false,"template":"","format":"standard","meta":{"ngg_post_thumbnail":0,"footnotes":""},"categories":[29,30,275],"tags":[],"_links":{"self":[{"href":"https:\/\/pp8.kluczbork.pl\/index.php?rest_route=\/wp\/v2\/posts\/4938"}],"collection":[{"href":"https:\/\/pp8.kluczbork.pl\/index.php?rest_route=\/wp\/v2\/posts"}],"about":[{"href":"https:\/\/pp8.kluczbork.pl\/index.php?rest_route=\/wp\/v2\/types\/post"}],"author":[{"embeddable":true,"href":"https:\/\/pp8.kluczbork.pl\/index.php?rest_route=\/wp\/v2\/users\/16"}],"replies":[{"embeddable":true,"href":"https:\/\/pp8.kluczbork.pl\/index.php?rest_route=%2Fwp%2Fv2%2Fcomments&post=4938"}],"version-history":[{"count":1,"href":"https:\/\/pp8.kluczbork.pl\/index.php?rest_route=\/wp\/v2\/posts\/4938\/revisions"}],"predecessor-version":[{"id":4939,"href":"https:\/\/pp8.kluczbork.pl\/index.php?rest_route=\/wp\/v2\/posts\/4938\/revisions\/4939"}],"wp:featuredmedia":[{"embeddable":true,"href":"https:\/\/pp8.kluczbork.pl\/index.php?rest_route=\/wp\/v2\/media\/4940"}],"wp:attachment":[{"href":"https:\/\/pp8.kluczbork.pl\/index.php?rest_route=%2Fwp%2Fv2%2Fmedia&parent=4938"}],"wp:term":[{"taxonomy":"category","embeddable":true,"href":"https:\/\/pp8.kluczbork.pl\/index.php?rest_route=%2Fwp%2Fv2%2Fcategories&post=4938"},{"taxonomy":"post_tag","embeddable":true,"href":"https:\/\/pp8.kluczbork.pl\/index.php?rest_route=%2Fwp%2Fv2%2Ftags&post=4938"}],"curies":[{"name":"wp","href":"https:\/\/api.w.org\/{rel}","templated":true}]}}