{"id":4935,"date":"2024-05-14T19:56:37","date_gmt":"2024-05-14T19:56:37","guid":{"rendered":"https:\/\/pp8.kluczbork.pl\/?p=4935"},"modified":"2024-06-12T18:01:38","modified_gmt":"2024-06-12T18:01:38","slug":"spartakiada-sportowa","status":"publish","type":"post","link":"https:\/\/pp8.kluczbork.pl\/?p=4935","title":{"rendered":"Spartakiada Sportowa"},"content":{"rendered":"<div>\n<p><strong>Pe\u0142na rado\u015bci i sportowych emocji atmosfera<\/strong><span class=\"apple-converted-space\">&nbsp;<\/span>wype\u0142ni\u0142a hal\u0119 OSiR w Kluczborku 9 maja 2024 r.,<span class=\"apple-converted-space\">&nbsp;<br \/>\n<\/span>gdzie odby\u0142a si\u0119 <span class=\"apple-converted-space\">&nbsp;<\/span><strong>Powiatowa Spartakiada Sportowa Przedszkolak\u00f3w<\/strong><span class=\"apple-converted-space\">&nbsp;<br \/>\n<\/span>z udzia\u0142em dzieci niepe\u0142nosprawnych.<span class=\"apple-converted-space\">&nbsp;<\/span>Wydarzenie zorganizowa\u0142o Publiczne Przedszkole nr 2<br \/>\nw Kluczborku,<span class=\"apple-converted-space\">&nbsp;<\/span>staj\u0105c si\u0119 corocznym \u015bwi\u0119tem integracji i wsp\u00f3lnej zabawy.<br \/>\n<strong>Na zaproszenie organizator\u00f3w<\/strong><span class=\"apple-converted-space\">&nbsp;<\/span>w zmaganiach sportowych<br \/>\nz naszego przedszkola wzi\u0119\u0142y udzia\u0142 dwie dru\u017cyny:<br \/>\n<span class=\"apple-converted-space\">&nbsp;<\/span>&#8222;M\u0105dre Sowy&#8221; i &#8222;Przyjaciele Kubusia&#8221;. Ich zaanga\u017cowanie i sportowe zaci\u0119cie by\u0142o imponuj\u0105ce,<span class=\"apple-converted-space\">&nbsp;<br \/>\n<\/span>a zmagania na torze przeszk\u00f3d dostarczy\u0142y wszystkim wiele emocji.<span class=\"apple-converted-space\">&nbsp;<br \/>\n<\/span><strong>Wspania\u0142e wyst\u0119py cheerleaderek<\/strong><span class=\"apple-converted-space\">&nbsp;<\/span>z ka\u017cdego przedszkola,<br \/>\ndodatkowo zagrzewa\u0142y zawodnik\u00f3w do walki i tworzy\u0142y niepowtarzaln\u0105 atmosfer\u0119.<br \/>\n<strong>Na zako\u0144czenie Spartakiady<\/strong><span class=\"apple-converted-space\">&nbsp;<\/span>wszyscy zawodnicy otrzymali pami\u0105tkowe<span class=\"apple-converted-space\">&nbsp;<\/span><strong>nagrody i medale<\/strong>,<span class=\"apple-converted-space\">&nbsp;<br \/>\n<\/span>a na ich twarzach malowa\u0142y si\u0119 szerokie u\u015bmiechy i satysfakcja z udzia\u0142u w tym wyj\u0105tkowym wydarzeniu.<br \/>\n<strong>To by\u0142 dzie\u0144 pe\u0142en rado\u015bci<\/strong><strong> i prawdziwego ducha sportowej rywalizacji,<br \/>\npo\u0142\u0105czony z integracj\u0105 <\/strong><strong>dzieci z innych przedszkoli.<\/strong><span class=\"apple-converted-space\">&nbsp;<\/span>Jeste\u015bmy przekonani,<span class=\"apple-converted-space\">&nbsp;<br \/>\n<\/span>\u017ce takie wydarzenia s\u0105 niezwykle wa\u017cne dla rozwoju dzieci,<span class=\"apple-converted-space\">&nbsp;<\/span>ucz\u0105 ich wsp\u00f3\u0142pracy,<span class=\"apple-converted-space\">&nbsp;<br \/>\n<\/span>wzajemnego szacunku i tolerancji,<span class=\"apple-converted-space\">&nbsp;<\/span>a tak\u017ce promuj\u0105 zdrowy styl \u017cycia i aktywno\u015b\u0107 fizyczn\u0105.<\/p>\n<p><a href=\"https:\/\/flic.kr\/s\/aHBqjBpuZu\">GALERIA<\/a><\/p>\n<\/div>\n","protected":false},"excerpt":{"rendered":"<p>Pe\u0142na rado\u015bci i sportowych emocji atmosfera&nbsp;wype\u0142ni\u0142a hal\u0119 OSiR w Kluczborku 9 maja 2024 r.,&nbsp; gdzie odby\u0142a si\u0119 &nbsp;Powiatowa Spartakiada Sportowa Przedszkolak\u00f3w&nbsp; z udzia\u0142em dzieci niepe\u0142nosprawnych.&nbsp;Wydarzenie zorganizowa\u0142o Publiczne Przedszkole nr 2 w Kluczborku,&nbsp;staj\u0105c si\u0119 corocznym \u015bwi\u0119tem integracji i wsp\u00f3lnej zabawy. Na zaproszenie organizator\u00f3w&nbsp;w zmaganiach sportowych z naszego przedszkola wzi\u0119\u0142y udzia\u0142 dwie [&hellip;]<\/p>\n","protected":false},"author":16,"featured_media":4936,"comment_status":"open","ping_status":"open","sticky":false,"template":"","format":"standard","meta":{"ngg_post_thumbnail":0,"footnotes":""},"categories":[29,275],"tags":[],"_links":{"self":[{"href":"https:\/\/pp8.kluczbork.pl\/index.php?rest_route=\/wp\/v2\/posts\/4935"}],"collection":[{"href":"https:\/\/pp8.kluczbork.pl\/index.php?rest_route=\/wp\/v2\/posts"}],"about":[{"href":"https:\/\/pp8.kluczbork.pl\/index.php?rest_route=\/wp\/v2\/types\/post"}],"author":[{"embeddable":true,"href":"https:\/\/pp8.kluczbork.pl\/index.php?rest_route=\/wp\/v2\/users\/16"}],"replies":[{"embeddable":true,"href":"https:\/\/pp8.kluczbork.pl\/index.php?rest_route=%2Fwp%2Fv2%2Fcomments&post=4935"}],"version-history":[{"count":1,"href":"https:\/\/pp8.kluczbork.pl\/index.php?rest_route=\/wp\/v2\/posts\/4935\/revisions"}],"predecessor-version":[{"id":4937,"href":"https:\/\/pp8.kluczbork.pl\/index.php?rest_route=\/wp\/v2\/posts\/4935\/revisions\/4937"}],"wp:featuredmedia":[{"embeddable":true,"href":"https:\/\/pp8.kluczbork.pl\/index.php?rest_route=\/wp\/v2\/media\/4936"}],"wp:attachment":[{"href":"https:\/\/pp8.kluczbork.pl\/index.php?rest_route=%2Fwp%2Fv2%2Fmedia&parent=4935"}],"wp:term":[{"taxonomy":"category","embeddable":true,"href":"https:\/\/pp8.kluczbork.pl\/index.php?rest_route=%2Fwp%2Fv2%2Fcategories&post=4935"},{"taxonomy":"post_tag","embeddable":true,"href":"https:\/\/pp8.kluczbork.pl\/index.php?rest_route=%2Fwp%2Fv2%2Ftags&post=4935"}],"curies":[{"name":"wp","href":"https:\/\/api.w.org\/{rel}","templated":true}]}}