{"id":4930,"date":"2024-05-09T20:21:19","date_gmt":"2024-05-09T20:21:19","guid":{"rendered":"https:\/\/pp8.kluczbork.pl\/?p=4930"},"modified":"2024-05-09T20:21:19","modified_gmt":"2024-05-09T20:21:19","slug":"1-maja","status":"publish","type":"post","link":"https:\/\/pp8.kluczbork.pl\/?p=4930","title":{"rendered":"1 Maja"},"content":{"rendered":"<p data-sourcepos=\"3:1-3:296\"><strong>1 maja na &#8222;Kluczborskich B\u0142oniach&#8221; odby\u0142y si\u0119 uroczyste<br \/>\nobchody 20-lecia przyst\u0105pienia Polski do Unii Europejskiej.<\/strong><br \/>\nW tym wyj\u0105tkowym wydarzeniu wzi\u0119\u0142y udzia\u0142 nasze przedszkolaki<br \/>\nz grup <span style=\"color: #ff0000;\"><strong>&#8222;M\u0105dre Sowy&#8221; i &#8222;Przyjaciele Kubusia&#8221;.<br \/>\n<\/strong><\/span>Zaprezentowa\u0142y si\u0119 na scenie <strong>w barwnym ta\u0144cu z szarfami,<br \/>\ndo kt\u00f3rego wykorzystano muzyk\u0119 z filmu &#8222;Polskie Drogi&#8221;.<\/strong><br \/>\nIch wyst\u0119p by\u0142 pe\u0142en energii i rado\u015bci,<br \/>\noddaj\u0105c klimat patriotycznego \u015bwi\u0119ta.<\/p>\n<p data-sourcepos=\"7:1-7:272\"><strong>Natomiast wykonaniem piosenki &#8222;Wierzby i Bociany&#8221; &nbsp;poruszy\u0142y serca publiczno\u015bci.<br \/>\n<\/strong><strong>Udzia\u0142 naszych przedszkolak\u00f3w w w tym wa\u017cnym \u015bwiecie,<br \/>\nby\u0142 dla nich niezapomnianym prze\u017cyciem.<\/strong><br \/>\nTo nie tylko wspania\u0142a okazja do zaprezentowania swoich talent\u00f3w,<br \/>\nale r\u00f3wnie\u017c mo\u017cliwo\u015b\u0107 poznania historii i warto\u015bci Unii Europejskiej.<br \/>\nJeste\u015bmy niezwykle dumni z naszych podopiecznych i ich wspania\u0142ych wyst\u0119p\u00f3w!<br \/>\nBrawo!!<\/p>\n<p data-sourcepos=\"7:1-7:272\"><a href=\"https:\/\/flic.kr\/s\/aHBqjBpw18\">Galeria<\/a><\/p>\n<p data-sourcepos=\"11:1-11:21\">&nbsp;<\/p>\n","protected":false},"excerpt":{"rendered":"<p>1 maja na &#8222;Kluczborskich B\u0142oniach&#8221; odby\u0142y si\u0119 uroczyste obchody 20-lecia przyst\u0105pienia Polski do Unii Europejskiej. W tym wyj\u0105tkowym wydarzeniu wzi\u0119\u0142y udzia\u0142 nasze przedszkolaki z grup &#8222;M\u0105dre Sowy&#8221; i &#8222;Przyjaciele Kubusia&#8221;. Zaprezentowa\u0142y si\u0119 na scenie w barwnym ta\u0144cu z szarfami, do kt\u00f3rego wykorzystano muzyk\u0119 z filmu &#8222;Polskie Drogi&#8221;. Ich wyst\u0119p by\u0142 [&hellip;]<\/p>\n","protected":false},"author":16,"featured_media":4932,"comment_status":"open","ping_status":"open","sticky":false,"template":"","format":"standard","meta":{"ngg_post_thumbnail":0,"footnotes":""},"categories":[29],"tags":[],"_links":{"self":[{"href":"https:\/\/pp8.kluczbork.pl\/index.php?rest_route=\/wp\/v2\/posts\/4930"}],"collection":[{"href":"https:\/\/pp8.kluczbork.pl\/index.php?rest_route=\/wp\/v2\/posts"}],"about":[{"href":"https:\/\/pp8.kluczbork.pl\/index.php?rest_route=\/wp\/v2\/types\/post"}],"author":[{"embeddable":true,"href":"https:\/\/pp8.kluczbork.pl\/index.php?rest_route=\/wp\/v2\/users\/16"}],"replies":[{"embeddable":true,"href":"https:\/\/pp8.kluczbork.pl\/index.php?rest_route=%2Fwp%2Fv2%2Fcomments&post=4930"}],"version-history":[{"count":1,"href":"https:\/\/pp8.kluczbork.pl\/index.php?rest_route=\/wp\/v2\/posts\/4930\/revisions"}],"predecessor-version":[{"id":4933,"href":"https:\/\/pp8.kluczbork.pl\/index.php?rest_route=\/wp\/v2\/posts\/4930\/revisions\/4933"}],"wp:featuredmedia":[{"embeddable":true,"href":"https:\/\/pp8.kluczbork.pl\/index.php?rest_route=\/wp\/v2\/media\/4932"}],"wp:attachment":[{"href":"https:\/\/pp8.kluczbork.pl\/index.php?rest_route=%2Fwp%2Fv2%2Fmedia&parent=4930"}],"wp:term":[{"taxonomy":"category","embeddable":true,"href":"https:\/\/pp8.kluczbork.pl\/index.php?rest_route=%2Fwp%2Fv2%2Fcategories&post=4930"},{"taxonomy":"post_tag","embeddable":true,"href":"https:\/\/pp8.kluczbork.pl\/index.php?rest_route=%2Fwp%2Fv2%2Ftags&post=4930"}],"curies":[{"name":"wp","href":"https:\/\/api.w.org\/{rel}","templated":true}]}}