{"id":4919,"date":"2024-04-26T04:25:21","date_gmt":"2024-04-26T04:25:21","guid":{"rendered":"https:\/\/pp8.kluczbork.pl\/?p=4919"},"modified":"2024-04-26T04:25:21","modified_gmt":"2024-04-26T04:25:21","slug":"vi-gminny-konkurs-piosenki-patriotycznej","status":"publish","type":"post","link":"https:\/\/pp8.kluczbork.pl\/?p=4919","title":{"rendered":"VI Gminny Konkurs Piosenki Patriotycznej"},"content":{"rendered":"<p style=\"text-align: center\">25 kwietnia grupa dzieci\u00a0 tj. Zosia, Alan, Klara oraz Oliwia<\/p>\n<p style=\"text-align: center\">z Oddzia\u0142u Przedszkolnego w Smardach G.<\/p>\n<p style=\"text-align: center\">uczestniczy\u0142a w VI Gminny Konkurs Piosenki Patriotycznej<\/p>\n<p style=\"text-align: center\">z\u00a0 piosenk\u0105 pt. &#8222;Jeste\u015bmy Polk\u0105 i Polakiem&#8221;.<\/p>\n<p style=\"text-align: center\">Dzieci wyst\u0105pi\u0142y jak prawdziwi arty\u015bci i zaj\u0119\u0142y<strong>\u00a0<span style=\"color: #ff0000\">II miejsce.<\/span><\/strong><\/p>\n<p style=\"text-align: left\"><a href=\"https:\/\/flic.kr\/s\/aHBqjBnNdD\">Galeria zdj\u0119\u0107<\/a><\/p>\n<p style=\"text-align: center\">\n<p>Gratulujemy!!!<\/p>\n","protected":false},"excerpt":{"rendered":"<p>25 kwietnia grupa dzieci\u00a0 tj. Zosia, Alan, Klara oraz Oliwia z Oddzia\u0142u Przedszkolnego w Smardach G. uczestniczy\u0142a w VI Gminny Konkurs Piosenki Patriotycznej z\u00a0 piosenk\u0105 pt. &#8222;Jeste\u015bmy Polk\u0105 i Polakiem&#8221;. Dzieci wyst\u0105pi\u0142y jak prawdziwi arty\u015bci i zaj\u0119\u0142y\u00a0II miejsce. Galeria zdj\u0119\u0107 Gratulujemy!!!<\/p>\n","protected":false},"author":4,"featured_media":4920,"comment_status":"open","ping_status":"open","sticky":false,"template":"","format":"standard","meta":{"ngg_post_thumbnail":0,"footnotes":""},"categories":[31],"tags":[],"_links":{"self":[{"href":"https:\/\/pp8.kluczbork.pl\/index.php?rest_route=\/wp\/v2\/posts\/4919"}],"collection":[{"href":"https:\/\/pp8.kluczbork.pl\/index.php?rest_route=\/wp\/v2\/posts"}],"about":[{"href":"https:\/\/pp8.kluczbork.pl\/index.php?rest_route=\/wp\/v2\/types\/post"}],"author":[{"embeddable":true,"href":"https:\/\/pp8.kluczbork.pl\/index.php?rest_route=\/wp\/v2\/users\/4"}],"replies":[{"embeddable":true,"href":"https:\/\/pp8.kluczbork.pl\/index.php?rest_route=%2Fwp%2Fv2%2Fcomments&post=4919"}],"version-history":[{"count":1,"href":"https:\/\/pp8.kluczbork.pl\/index.php?rest_route=\/wp\/v2\/posts\/4919\/revisions"}],"predecessor-version":[{"id":4921,"href":"https:\/\/pp8.kluczbork.pl\/index.php?rest_route=\/wp\/v2\/posts\/4919\/revisions\/4921"}],"wp:featuredmedia":[{"embeddable":true,"href":"https:\/\/pp8.kluczbork.pl\/index.php?rest_route=\/wp\/v2\/media\/4920"}],"wp:attachment":[{"href":"https:\/\/pp8.kluczbork.pl\/index.php?rest_route=%2Fwp%2Fv2%2Fmedia&parent=4919"}],"wp:term":[{"taxonomy":"category","embeddable":true,"href":"https:\/\/pp8.kluczbork.pl\/index.php?rest_route=%2Fwp%2Fv2%2Fcategories&post=4919"},{"taxonomy":"post_tag","embeddable":true,"href":"https:\/\/pp8.kluczbork.pl\/index.php?rest_route=%2Fwp%2Fv2%2Ftags&post=4919"}],"curies":[{"name":"wp","href":"https:\/\/api.w.org\/{rel}","templated":true}]}}