{"id":4879,"date":"2024-04-02T15:42:20","date_gmt":"2024-04-02T15:42:20","guid":{"rendered":"https:\/\/pp8.kluczbork.pl\/?p=4879"},"modified":"2024-04-02T15:42:46","modified_gmt":"2024-04-02T15:42:46","slug":"koncert-muzyczny","status":"publish","type":"post","link":"https:\/\/pp8.kluczbork.pl\/?p=4879","title":{"rendered":"Koncert Muzyczny"},"content":{"rendered":"<p><strong>W Kinie &#8222;Bajka<\/strong>&#8221; dla dzieci przedszkolnych odby\u0142 si\u0119<br \/>\nKoncert Muzyczny zaprezentowany przez uczni\u00f3w<br \/>\n<strong>Szko\u0142y Muzycznej w Kluczborku.<\/strong><br \/>\nDzieci by\u0142y bardzo zainteresowane i zachwycone Koncertem.<br \/>\n<a href=\"https:\/\/flic.kr\/s\/aHBqjBjNQS\">Galeria<\/a><\/p>\n","protected":false},"excerpt":{"rendered":"<p>W Kinie &#8222;Bajka&#8221; dla dzieci przedszkolnych odby\u0142 si\u0119 Koncert Muzyczny zaprezentowany przez uczni\u00f3w Szko\u0142y Muzycznej w Kluczborku. Dzieci by\u0142y bardzo zainteresowane i zachwycone Koncertem. Galeria<\/p>\n","protected":false},"author":16,"featured_media":4880,"comment_status":"open","ping_status":"open","sticky":false,"template":"","format":"standard","meta":{"ngg_post_thumbnail":0,"footnotes":""},"categories":[29],"tags":[],"_links":{"self":[{"href":"https:\/\/pp8.kluczbork.pl\/index.php?rest_route=\/wp\/v2\/posts\/4879"}],"collection":[{"href":"https:\/\/pp8.kluczbork.pl\/index.php?rest_route=\/wp\/v2\/posts"}],"about":[{"href":"https:\/\/pp8.kluczbork.pl\/index.php?rest_route=\/wp\/v2\/types\/post"}],"author":[{"embeddable":true,"href":"https:\/\/pp8.kluczbork.pl\/index.php?rest_route=\/wp\/v2\/users\/16"}],"replies":[{"embeddable":true,"href":"https:\/\/pp8.kluczbork.pl\/index.php?rest_route=%2Fwp%2Fv2%2Fcomments&post=4879"}],"version-history":[{"count":1,"href":"https:\/\/pp8.kluczbork.pl\/index.php?rest_route=\/wp\/v2\/posts\/4879\/revisions"}],"predecessor-version":[{"id":4881,"href":"https:\/\/pp8.kluczbork.pl\/index.php?rest_route=\/wp\/v2\/posts\/4879\/revisions\/4881"}],"wp:featuredmedia":[{"embeddable":true,"href":"https:\/\/pp8.kluczbork.pl\/index.php?rest_route=\/wp\/v2\/media\/4880"}],"wp:attachment":[{"href":"https:\/\/pp8.kluczbork.pl\/index.php?rest_route=%2Fwp%2Fv2%2Fmedia&parent=4879"}],"wp:term":[{"taxonomy":"category","embeddable":true,"href":"https:\/\/pp8.kluczbork.pl\/index.php?rest_route=%2Fwp%2Fv2%2Fcategories&post=4879"},{"taxonomy":"post_tag","embeddable":true,"href":"https:\/\/pp8.kluczbork.pl\/index.php?rest_route=%2Fwp%2Fv2%2Ftags&post=4879"}],"curies":[{"name":"wp","href":"https:\/\/api.w.org\/{rel}","templated":true}]}}