{"id":4865,"date":"2024-04-02T14:38:34","date_gmt":"2024-04-02T14:38:34","guid":{"rendered":"https:\/\/pp8.kluczbork.pl\/?p=4865"},"modified":"2024-04-02T14:38:34","modified_gmt":"2024-04-02T14:38:34","slug":"konkurs-logopedyczny","status":"publish","type":"post","link":"https:\/\/pp8.kluczbork.pl\/?p=4865","title":{"rendered":"Konkurs Logopedyczny"},"content":{"rendered":"<p>Nasza Kole\u017canka, Lena K. bra\u0142a udzia\u0142&nbsp;<br \/>\n<span style=\"color: #ff0000;\"><strong>w Konkursie Logopedycznym pt. &#8222;Brz\u0119czyChrz\u0105szcz&#8221;,<\/strong> <\/span><br \/>\nkt\u00f3ry odby\u0142 si\u0119 w Publicznym Przedszkolu nr 2 w Kluczborku.<br \/>\nUczestnicy musieli wykaza\u0107 si\u0119 bardzo dobr\u0105 i wyra\u017an\u0105 dykcj\u0105.<br \/>\nLena zaprezentowa\u0142a wiesz <span style=\"color: #ff0000;\"><strong>Jana Brzechwy &#8222;Chrz\u0105szcz&#8221;.<\/strong><\/span><\/p>\n<p><a href=\"https:\/\/flic.kr\/s\/aHBqjBjRTM\">Galeria<\/a><\/p>\n","protected":false},"excerpt":{"rendered":"<p>Nasza Kole\u017canka, Lena K. bra\u0142a udzia\u0142&nbsp; w Konkursie Logopedycznym pt. &#8222;Brz\u0119czyChrz\u0105szcz&#8221;, kt\u00f3ry odby\u0142 si\u0119 w Publicznym Przedszkolu nr 2 w Kluczborku. Uczestnicy musieli wykaza\u0107 si\u0119 bardzo dobr\u0105 i wyra\u017an\u0105 dykcj\u0105. Lena zaprezentowa\u0142a wiesz Jana Brzechwy &#8222;Chrz\u0105szcz&#8221;. Galeria<\/p>\n","protected":false},"author":16,"featured_media":4866,"comment_status":"open","ping_status":"open","sticky":false,"template":"","format":"standard","meta":{"ngg_post_thumbnail":0,"footnotes":""},"categories":[29],"tags":[],"_links":{"self":[{"href":"https:\/\/pp8.kluczbork.pl\/index.php?rest_route=\/wp\/v2\/posts\/4865"}],"collection":[{"href":"https:\/\/pp8.kluczbork.pl\/index.php?rest_route=\/wp\/v2\/posts"}],"about":[{"href":"https:\/\/pp8.kluczbork.pl\/index.php?rest_route=\/wp\/v2\/types\/post"}],"author":[{"embeddable":true,"href":"https:\/\/pp8.kluczbork.pl\/index.php?rest_route=\/wp\/v2\/users\/16"}],"replies":[{"embeddable":true,"href":"https:\/\/pp8.kluczbork.pl\/index.php?rest_route=%2Fwp%2Fv2%2Fcomments&post=4865"}],"version-history":[{"count":1,"href":"https:\/\/pp8.kluczbork.pl\/index.php?rest_route=\/wp\/v2\/posts\/4865\/revisions"}],"predecessor-version":[{"id":4867,"href":"https:\/\/pp8.kluczbork.pl\/index.php?rest_route=\/wp\/v2\/posts\/4865\/revisions\/4867"}],"wp:featuredmedia":[{"embeddable":true,"href":"https:\/\/pp8.kluczbork.pl\/index.php?rest_route=\/wp\/v2\/media\/4866"}],"wp:attachment":[{"href":"https:\/\/pp8.kluczbork.pl\/index.php?rest_route=%2Fwp%2Fv2%2Fmedia&parent=4865"}],"wp:term":[{"taxonomy":"category","embeddable":true,"href":"https:\/\/pp8.kluczbork.pl\/index.php?rest_route=%2Fwp%2Fv2%2Fcategories&post=4865"},{"taxonomy":"post_tag","embeddable":true,"href":"https:\/\/pp8.kluczbork.pl\/index.php?rest_route=%2Fwp%2Fv2%2Ftags&post=4865"}],"curies":[{"name":"wp","href":"https:\/\/api.w.org\/{rel}","templated":true}]}}