{"id":4848,"date":"2024-03-27T18:00:21","date_gmt":"2024-03-27T18:00:21","guid":{"rendered":"https:\/\/pp8.kluczbork.pl\/?p=4848"},"modified":"2024-03-27T18:00:21","modified_gmt":"2024-03-27T18:00:21","slug":"swiatowy-dzien-wody-2","status":"publish","type":"post","link":"https:\/\/pp8.kluczbork.pl\/?p=4848","title":{"rendered":"\u015awiatowy Dzie\u0144 Wody"},"content":{"rendered":"<p style=\"text-align: center\">22 marca w naszym przedszkolu odby\u0142 si\u0119 Dzie\u0144 Wody.<\/p>\n<p style=\"text-align: center\">W tym dniu wszystkie dzieci\u00a0 przysz\u0142y ubrane na niebiesko<\/p>\n<p style=\"text-align: center\">i wsp\u00f3lnie odkrywali\u015bmy tajemnice wody i jej znaczenie dla \u017cycia ludzi, ro\u015blin i zwierz\u0105t.<\/p>\n<p>&nbsp;<\/p>\n<p><a href=\"https:\/\/flic.kr\/s\/aHBqjBi76v\" target=\"_blank\" rel=\"noopener\">Galeria zdj\u0119\u0107<\/a><\/p>\n<p>&nbsp;<\/p>\n<p>&nbsp;<\/p>\n","protected":false},"excerpt":{"rendered":"<p>22 marca w naszym przedszkolu odby\u0142 si\u0119 Dzie\u0144 Wody. W tym dniu wszystkie dzieci\u00a0 przysz\u0142y ubrane na niebiesko i wsp\u00f3lnie odkrywali\u015bmy tajemnice wody i jej znaczenie dla \u017cycia ludzi, ro\u015blin i zwierz\u0105t. &nbsp; Galeria zdj\u0119\u0107 &nbsp; &nbsp;<\/p>\n","protected":false},"author":4,"featured_media":4849,"comment_status":"open","ping_status":"open","sticky":false,"template":"","format":"standard","meta":{"ngg_post_thumbnail":0,"footnotes":""},"categories":[31],"tags":[],"_links":{"self":[{"href":"https:\/\/pp8.kluczbork.pl\/index.php?rest_route=\/wp\/v2\/posts\/4848"}],"collection":[{"href":"https:\/\/pp8.kluczbork.pl\/index.php?rest_route=\/wp\/v2\/posts"}],"about":[{"href":"https:\/\/pp8.kluczbork.pl\/index.php?rest_route=\/wp\/v2\/types\/post"}],"author":[{"embeddable":true,"href":"https:\/\/pp8.kluczbork.pl\/index.php?rest_route=\/wp\/v2\/users\/4"}],"replies":[{"embeddable":true,"href":"https:\/\/pp8.kluczbork.pl\/index.php?rest_route=%2Fwp%2Fv2%2Fcomments&post=4848"}],"version-history":[{"count":1,"href":"https:\/\/pp8.kluczbork.pl\/index.php?rest_route=\/wp\/v2\/posts\/4848\/revisions"}],"predecessor-version":[{"id":4850,"href":"https:\/\/pp8.kluczbork.pl\/index.php?rest_route=\/wp\/v2\/posts\/4848\/revisions\/4850"}],"wp:featuredmedia":[{"embeddable":true,"href":"https:\/\/pp8.kluczbork.pl\/index.php?rest_route=\/wp\/v2\/media\/4849"}],"wp:attachment":[{"href":"https:\/\/pp8.kluczbork.pl\/index.php?rest_route=%2Fwp%2Fv2%2Fmedia&parent=4848"}],"wp:term":[{"taxonomy":"category","embeddable":true,"href":"https:\/\/pp8.kluczbork.pl\/index.php?rest_route=%2Fwp%2Fv2%2Fcategories&post=4848"},{"taxonomy":"post_tag","embeddable":true,"href":"https:\/\/pp8.kluczbork.pl\/index.php?rest_route=%2Fwp%2Fv2%2Ftags&post=4848"}],"curies":[{"name":"wp","href":"https:\/\/api.w.org\/{rel}","templated":true}]}}