{"id":4846,"date":"2024-03-27T17:51:11","date_gmt":"2024-03-27T17:51:11","guid":{"rendered":"https:\/\/pp8.kluczbork.pl\/?p=4846"},"modified":"2024-03-27T17:51:11","modified_gmt":"2024-03-27T17:51:11","slug":"pierwszy-dzien-wiosny-4","status":"publish","type":"post","link":"https:\/\/pp8.kluczbork.pl\/?p=4846","title":{"rendered":"Pierwszy Dzie\u0144 Wiosny"},"content":{"rendered":"<p style=\"text-align: center\">Wiosna to jedna z najpi\u0119kniejszych p\u00f3r roku,<\/p>\n<p style=\"text-align: center\">dlatego te\u017c Pierwszy Dzie\u0144 Wiosny jest zawsze rado\u015bnie witany przez wszystkie dzieci.<\/p>\n<p style=\"text-align: center\">W naszym przedszkolu przygotowania do po\u017cegnania zimy<\/p>\n<p style=\"text-align: center\">i powitania wiosny rozpocz\u0119\u0142y si\u0119 ju\u017c\u00a0 kilka dni wcze\u015bniej.<\/p>\n<p>&nbsp;<\/p>\n<p><a href=\"https:\/\/flic.kr\/s\/aHBqjBiapn\" target=\"_blank\" rel=\"noopener\">Galeria zdj\u0119\u0107<\/a><\/p>\n","protected":false},"excerpt":{"rendered":"<p>Wiosna to jedna z najpi\u0119kniejszych p\u00f3r roku, dlatego te\u017c Pierwszy Dzie\u0144 Wiosny jest zawsze rado\u015bnie witany przez wszystkie dzieci. W naszym przedszkolu przygotowania do po\u017cegnania zimy i powitania wiosny rozpocz\u0119\u0142y si\u0119 ju\u017c\u00a0 kilka dni wcze\u015bniej. &nbsp; Galeria zdj\u0119\u0107<\/p>\n","protected":false},"author":4,"featured_media":3955,"comment_status":"open","ping_status":"open","sticky":false,"template":"","format":"standard","meta":{"ngg_post_thumbnail":0,"footnotes":""},"categories":[31],"tags":[],"_links":{"self":[{"href":"https:\/\/pp8.kluczbork.pl\/index.php?rest_route=\/wp\/v2\/posts\/4846"}],"collection":[{"href":"https:\/\/pp8.kluczbork.pl\/index.php?rest_route=\/wp\/v2\/posts"}],"about":[{"href":"https:\/\/pp8.kluczbork.pl\/index.php?rest_route=\/wp\/v2\/types\/post"}],"author":[{"embeddable":true,"href":"https:\/\/pp8.kluczbork.pl\/index.php?rest_route=\/wp\/v2\/users\/4"}],"replies":[{"embeddable":true,"href":"https:\/\/pp8.kluczbork.pl\/index.php?rest_route=%2Fwp%2Fv2%2Fcomments&post=4846"}],"version-history":[{"count":1,"href":"https:\/\/pp8.kluczbork.pl\/index.php?rest_route=\/wp\/v2\/posts\/4846\/revisions"}],"predecessor-version":[{"id":4847,"href":"https:\/\/pp8.kluczbork.pl\/index.php?rest_route=\/wp\/v2\/posts\/4846\/revisions\/4847"}],"wp:featuredmedia":[{"embeddable":true,"href":"https:\/\/pp8.kluczbork.pl\/index.php?rest_route=\/wp\/v2\/media\/3955"}],"wp:attachment":[{"href":"https:\/\/pp8.kluczbork.pl\/index.php?rest_route=%2Fwp%2Fv2%2Fmedia&parent=4846"}],"wp:term":[{"taxonomy":"category","embeddable":true,"href":"https:\/\/pp8.kluczbork.pl\/index.php?rest_route=%2Fwp%2Fv2%2Fcategories&post=4846"},{"taxonomy":"post_tag","embeddable":true,"href":"https:\/\/pp8.kluczbork.pl\/index.php?rest_route=%2Fwp%2Fv2%2Ftags&post=4846"}],"curies":[{"name":"wp","href":"https:\/\/api.w.org\/{rel}","templated":true}]}}