{"id":4808,"date":"2024-03-18T12:04:33","date_gmt":"2024-03-18T12:04:33","guid":{"rendered":"https:\/\/pp8.kluczbork.pl\/?p=4808"},"modified":"2024-03-18T12:25:13","modified_gmt":"2024-03-18T12:25:13","slug":"4808","status":"publish","type":"post","link":"https:\/\/pp8.kluczbork.pl\/?p=4808","title":{"rendered":"&#8222;Czym oddychamy&#8221;?"},"content":{"rendered":"<p><strong><span style=\"color: #008000;\">14.03.2024 \u2013 odby\u0142o si\u0119 kolejne zaj\u0119cie z \u201eKampanii ekologicznej na rzecz<br \/>\nprzeciwdzia\u0142ania emisjom w gminie Kluczbork\u201d <\/span><\/strong><br \/>\n<strong><span style=\"color: #008000;\">w ramach \u201eProgramu Regionalnego Wsparcia Edukacji Ekologicznej\u201d <\/span><\/strong><br \/>\n<strong><span style=\"color: #008000;\">Wojew\u00f3dzkiego Funduszu Ochrony \u015arodowiska i Gospodarki Wodnej w Opolu.<\/span><\/strong><\/p>\n<p><span style=\"color: #ff0000;\"><strong>Temat: Czym oddychamy?<\/strong><\/span><br \/>\nProwadz\u0105ca: Violetta Marcinkowska<br \/>\nCel og\u00f3lny:<br \/>\n&#8211; zwi\u0119kszenie wiedzy dzieci na temat zanieczyszcze\u0144 \u015brodowiska naturalnego<br \/>\nprzez emisj\u0119 dymu do atmosfery, umiej\u0119tno\u015b\u0107 okre\u015blania sposob\u00f3w zapobiegania zanieczyszczeniom powietrza.<br \/>\nCele szczeg\u00f3\u0142owe:<br \/>\nDziecko:<br \/>\n&#8211; potrafi wypowiada\u0107 si\u0119 na okre\u015blony temat,<br \/>\n&#8211; dzieli wyrazy na sylaby,<br \/>\n&#8211; potrafi zlokalizowa\u0107 r\u00f3\u017cne \u017ar\u00f3d\u0142a dym\u00f3w,<br \/>\n&#8211; wie co to s\u0105 filtry,<br \/>\n&#8211; zwraca uwag\u0119 na kolory dym\u00f3w: czysty bia\u0142y dym &#8211; bezpieczny, szare, czarne,<br \/>\no niejednolitej barwie \u2013 dymy z\u0142e, niebezpieczne, bia\u0142e dymy papierosowe &#8211; niebezpieczne,<br \/>\n&#8211; wie jakie s\u0105 odpowiednie warunki do \u017cycia ro\u015blin i zwierz\u0105t,<br \/>\n&#8211; dostrzega zmiany dynamiki tempa utworu muzycznego,<br \/>\n&#8211; zna zagro\u017cenia p\u0142yn\u0105ce z zanieczyszczonego \u015brodowiska dla ludzi i zwierz\u0105t (dym),<br \/>\n&#8211; wie czym oddychaj\u0105 ludzie,<br \/>\n&#8211; wie czym s\u0105 p\u0142uca,<br \/>\n&#8211; wykonuje szablon p\u0142uc.<\/p>\n<p>Zaj\u0119cie mia\u0142o na celu zwi\u0119kszenie wiedzy na temat zanieczyszcze\u0144<br \/>\n\u015brodowiska naturalnego oraz przeciwdzia\u0142aniu jego zanieczyszczeniom.<br \/>\nDzieci dowiedzia\u0142y si\u0119 o mo\u017cliwo\u015bciach montowania na kominach filtr\u00f3w.<br \/>\nJakie tajemnice kryj\u0105 si\u0119 za kolorami dymu, kt\u00f3ry jest bezpieczny a kt\u00f3ry nie.<br \/>\nCzarna folia imituj\u0105ca dym u\u015bwiadomi\u0142a dzieciom jak ci\u0119\u017cko oddycha\u0107<br \/>\nw zadymionym \u015brodowisku i jakie s\u0105 tego skutki zdrowotne.<br \/>\nZ du\u017cym zainteresowaniem \u015bledzi\u0142y i pozna\u0142y mechanizm oddychania cz\u0142owieka,<br \/>\naby potem samodzielnie wykona\u0107 szablon p\u0142uc.<br \/>\nW nagrod\u0119 za uwag\u0119 i zainteresowanie dzieci dosta\u0142y zak\u0142adki do ksi\u0105\u017cki<br \/>\nw kszta\u0142cie pi\u00f3ra soko\u0142a, oraz kolorowanki z projektu.<\/p>\n<p><a href=\"https:\/\/flic.kr\/s\/aHBqjBhQAs\">Galeria zdj\u0119\u0107:<\/a><\/p>\n","protected":false},"excerpt":{"rendered":"<p>14.03.2024 \u2013 odby\u0142o si\u0119 kolejne zaj\u0119cie z \u201eKampanii ekologicznej na rzecz przeciwdzia\u0142ania emisjom w gminie Kluczbork\u201d w ramach \u201eProgramu Regionalnego Wsparcia Edukacji Ekologicznej\u201d Wojew\u00f3dzkiego Funduszu Ochrony \u015arodowiska i Gospodarki Wodnej w Opolu. Temat: Czym oddychamy? Prowadz\u0105ca: Violetta Marcinkowska Cel og\u00f3lny: &#8211; zwi\u0119kszenie wiedzy dzieci na temat zanieczyszcze\u0144 \u015brodowiska naturalnego przez [&hellip;]<\/p>\n","protected":false},"author":3,"featured_media":4809,"comment_status":"open","ping_status":"open","sticky":false,"template":"","format":"standard","meta":{"ngg_post_thumbnail":0,"footnotes":""},"categories":[280,1,275],"tags":[],"_links":{"self":[{"href":"https:\/\/pp8.kluczbork.pl\/index.php?rest_route=\/wp\/v2\/posts\/4808"}],"collection":[{"href":"https:\/\/pp8.kluczbork.pl\/index.php?rest_route=\/wp\/v2\/posts"}],"about":[{"href":"https:\/\/pp8.kluczbork.pl\/index.php?rest_route=\/wp\/v2\/types\/post"}],"author":[{"embeddable":true,"href":"https:\/\/pp8.kluczbork.pl\/index.php?rest_route=\/wp\/v2\/users\/3"}],"replies":[{"embeddable":true,"href":"https:\/\/pp8.kluczbork.pl\/index.php?rest_route=%2Fwp%2Fv2%2Fcomments&post=4808"}],"version-history":[{"count":5,"href":"https:\/\/pp8.kluczbork.pl\/index.php?rest_route=\/wp\/v2\/posts\/4808\/revisions"}],"predecessor-version":[{"id":4816,"href":"https:\/\/pp8.kluczbork.pl\/index.php?rest_route=\/wp\/v2\/posts\/4808\/revisions\/4816"}],"wp:featuredmedia":[{"embeddable":true,"href":"https:\/\/pp8.kluczbork.pl\/index.php?rest_route=\/wp\/v2\/media\/4809"}],"wp:attachment":[{"href":"https:\/\/pp8.kluczbork.pl\/index.php?rest_route=%2Fwp%2Fv2%2Fmedia&parent=4808"}],"wp:term":[{"taxonomy":"category","embeddable":true,"href":"https:\/\/pp8.kluczbork.pl\/index.php?rest_route=%2Fwp%2Fv2%2Fcategories&post=4808"},{"taxonomy":"post_tag","embeddable":true,"href":"https:\/\/pp8.kluczbork.pl\/index.php?rest_route=%2Fwp%2Fv2%2Ftags&post=4808"}],"curies":[{"name":"wp","href":"https:\/\/api.w.org\/{rel}","templated":true}]}}