{"id":4795,"date":"2024-03-12T12:05:58","date_gmt":"2024-03-12T12:05:58","guid":{"rendered":"https:\/\/pp8.kluczbork.pl\/?p=4795"},"modified":"2024-03-12T12:05:58","modified_gmt":"2024-03-12T12:05:58","slug":"kim-chcialbys-zostac-w-przyszlosci","status":"publish","type":"post","link":"https:\/\/pp8.kluczbork.pl\/?p=4795","title":{"rendered":"Kim chcia\u0142by\u015b zosta\u0107 w przysz\u0142o\u015bci"},"content":{"rendered":"<p align=\"left\">Konkurs dla przedszkolak\u00f3w:<\/p>\n<p align=\"left\"><a href=\"https:\/\/www.praca.pl\/\"><span style=\"color: #1155cc;\"><u>Praca.pl<\/u><\/span><\/a> rusza z <a href=\"https:\/\/www.praca.pl\/konkurs\/kim-chcialbys-zostac-w-przyszlosci\"><span style=\"color: #1155cc;\"><u>konkursem dla przedszkoli<\/u><\/span><\/a>, w kt\u00f3rym chcemy pozna\u0107 jakie s\u0105 umiej\u0119tno\u015bci plastyczne przedszkolak\u00f3w i dowiedzie\u0107 si\u0119 jak\u0105 prac\u0119 chcieliby wykonywa\u0107 w przysz\u0142o\u015bci? Jakie s\u0105 ich marzenia?<\/p>\n<p align=\"left\"><b>Jak wzi\u0105\u0107 udzia\u0142 w konkursie?<br \/>\n<\/b>Wystarczy przes\u0142a\u0107 zdj\u0119cie pracy wykonanej przez przedszkolaka i wype\u0142ni\u0107 formularz zg\u0142oszeniowy. Bardzo wa\u017cne jest r\u00f3wnie\u017c przes\u0142anie zgody opiekuna prawnego na udzia\u0142 dziecka w konkursie oraz upowa\u017cnienie do korzystania z pracy plastycznej (licencji).<\/p>\n<p align=\"left\">Konkurs wygra praca, kt\u00f3ra b\u0119dzie najbardziej pomys\u0142owa oraz zgodna z tematyk\u0105.<\/p>\n<p align=\"left\">Zapraszamy do wzi\u0119cia udzia\u0142u!<\/p>\n<p align=\"left\"><img loading=\"lazy\" decoding=\"async\" class=\" wp-image-4796 aligncenter\" src=\"https:\/\/pp8.kluczbork.pl\/wp-content\/uploads\/2024\/03\/przedszkola-300x150.jpg\" alt=\"\" width=\"410\" height=\"205\" srcset=\"https:\/\/pp8.kluczbork.pl\/wp-content\/uploads\/2024\/03\/przedszkola-300x150.jpg 300w, https:\/\/pp8.kluczbork.pl\/wp-content\/uploads\/2024\/03\/przedszkola-1024x512.jpg 1024w, https:\/\/pp8.kluczbork.pl\/wp-content\/uploads\/2024\/03\/przedszkola-768x384.jpg 768w, https:\/\/pp8.kluczbork.pl\/wp-content\/uploads\/2024\/03\/przedszkola.jpg 1200w\" sizes=\"(max-width: 410px) 100vw, 410px\" \/><\/p>\n<p align=\"left\">&nbsp;<\/p>\n","protected":false},"excerpt":{"rendered":"<p>Konkurs dla przedszkolak\u00f3w: Praca.pl rusza z konkursem dla przedszkoli, w kt\u00f3rym chcemy pozna\u0107 jakie s\u0105 umiej\u0119tno\u015bci plastyczne przedszkolak\u00f3w i dowiedzie\u0107 si\u0119 jak\u0105 prac\u0119 chcieliby wykonywa\u0107 w przysz\u0142o\u015bci? Jakie s\u0105 ich marzenia? Jak wzi\u0105\u0107 udzia\u0142 w konkursie? Wystarczy przes\u0142a\u0107 zdj\u0119cie pracy wykonanej przez przedszkolaka i wype\u0142ni\u0107 formularz zg\u0142oszeniowy. Bardzo wa\u017cne jest [&hellip;]<\/p>\n","protected":false},"author":15,"featured_media":4796,"comment_status":"open","ping_status":"open","sticky":false,"template":"","format":"standard","meta":{"ngg_post_thumbnail":0,"footnotes":""},"categories":[279,1],"tags":[],"_links":{"self":[{"href":"https:\/\/pp8.kluczbork.pl\/index.php?rest_route=\/wp\/v2\/posts\/4795"}],"collection":[{"href":"https:\/\/pp8.kluczbork.pl\/index.php?rest_route=\/wp\/v2\/posts"}],"about":[{"href":"https:\/\/pp8.kluczbork.pl\/index.php?rest_route=\/wp\/v2\/types\/post"}],"author":[{"embeddable":true,"href":"https:\/\/pp8.kluczbork.pl\/index.php?rest_route=\/wp\/v2\/users\/15"}],"replies":[{"embeddable":true,"href":"https:\/\/pp8.kluczbork.pl\/index.php?rest_route=%2Fwp%2Fv2%2Fcomments&post=4795"}],"version-history":[{"count":1,"href":"https:\/\/pp8.kluczbork.pl\/index.php?rest_route=\/wp\/v2\/posts\/4795\/revisions"}],"predecessor-version":[{"id":4797,"href":"https:\/\/pp8.kluczbork.pl\/index.php?rest_route=\/wp\/v2\/posts\/4795\/revisions\/4797"}],"wp:featuredmedia":[{"embeddable":true,"href":"https:\/\/pp8.kluczbork.pl\/index.php?rest_route=\/wp\/v2\/media\/4796"}],"wp:attachment":[{"href":"https:\/\/pp8.kluczbork.pl\/index.php?rest_route=%2Fwp%2Fv2%2Fmedia&parent=4795"}],"wp:term":[{"taxonomy":"category","embeddable":true,"href":"https:\/\/pp8.kluczbork.pl\/index.php?rest_route=%2Fwp%2Fv2%2Fcategories&post=4795"},{"taxonomy":"post_tag","embeddable":true,"href":"https:\/\/pp8.kluczbork.pl\/index.php?rest_route=%2Fwp%2Fv2%2Ftags&post=4795"}],"curies":[{"name":"wp","href":"https:\/\/api.w.org\/{rel}","templated":true}]}}