{"id":4753,"date":"2024-02-02T14:51:44","date_gmt":"2024-02-02T14:51:44","guid":{"rendered":"https:\/\/pp8.kluczbork.pl\/?p=4753"},"modified":"2024-02-02T14:51:44","modified_gmt":"2024-02-02T14:51:44","slug":"bal-karnawalowy","status":"publish","type":"post","link":"https:\/\/pp8.kluczbork.pl\/?p=4753","title":{"rendered":"Bal Karnawa\u0142owy"},"content":{"rendered":"<p style=\"text-align: center\"><span style=\"color: #000080\">Karnawa\u0142 to czas zabaw i bal\u00f3w,<\/span><\/p>\n<p style=\"text-align: center\"><span style=\"color: #000080\"> tak\u017ce dla najm\u0142odszych. <\/span><\/p>\n<p style=\"text-align: center\">Kolorowe stroje, bajeczny wystr\u00f3j i skoczna muzyka &#8211; w takiej atmosferze bawi\u0142y si\u0119 dzieci 1 lutego podczas balu karnawa\u0142owego. Przedszkolaki z dum\u0105 prezentowa\u0142y swoje stroje oraz z\u00a0 wielk\u0105 ochot\u0105 uczestniczy\u0142y w ta\u0144cach i zabawach.<\/p>\n<p>&nbsp;<\/p>\n<p><a href=\"https:\/\/flic.kr\/s\/aHBqjBcKqB\">Galeria zdj\u0119\u0107<\/a><\/p>\n","protected":false},"excerpt":{"rendered":"<p>Karnawa\u0142 to czas zabaw i bal\u00f3w, tak\u017ce dla najm\u0142odszych. Kolorowe stroje, bajeczny wystr\u00f3j i skoczna muzyka &#8211; w takiej atmosferze bawi\u0142y si\u0119 dzieci 1 lutego podczas balu karnawa\u0142owego. Przedszkolaki z dum\u0105 prezentowa\u0142y swoje stroje oraz z\u00a0 wielk\u0105 ochot\u0105 uczestniczy\u0142y w ta\u0144cach i zabawach. &nbsp; Galeria zdj\u0119\u0107<\/p>\n","protected":false},"author":4,"featured_media":3759,"comment_status":"open","ping_status":"open","sticky":false,"template":"","format":"standard","meta":{"ngg_post_thumbnail":0,"footnotes":""},"categories":[31],"tags":[],"_links":{"self":[{"href":"https:\/\/pp8.kluczbork.pl\/index.php?rest_route=\/wp\/v2\/posts\/4753"}],"collection":[{"href":"https:\/\/pp8.kluczbork.pl\/index.php?rest_route=\/wp\/v2\/posts"}],"about":[{"href":"https:\/\/pp8.kluczbork.pl\/index.php?rest_route=\/wp\/v2\/types\/post"}],"author":[{"embeddable":true,"href":"https:\/\/pp8.kluczbork.pl\/index.php?rest_route=\/wp\/v2\/users\/4"}],"replies":[{"embeddable":true,"href":"https:\/\/pp8.kluczbork.pl\/index.php?rest_route=%2Fwp%2Fv2%2Fcomments&post=4753"}],"version-history":[{"count":1,"href":"https:\/\/pp8.kluczbork.pl\/index.php?rest_route=\/wp\/v2\/posts\/4753\/revisions"}],"predecessor-version":[{"id":4754,"href":"https:\/\/pp8.kluczbork.pl\/index.php?rest_route=\/wp\/v2\/posts\/4753\/revisions\/4754"}],"wp:featuredmedia":[{"embeddable":true,"href":"https:\/\/pp8.kluczbork.pl\/index.php?rest_route=\/wp\/v2\/media\/3759"}],"wp:attachment":[{"href":"https:\/\/pp8.kluczbork.pl\/index.php?rest_route=%2Fwp%2Fv2%2Fmedia&parent=4753"}],"wp:term":[{"taxonomy":"category","embeddable":true,"href":"https:\/\/pp8.kluczbork.pl\/index.php?rest_route=%2Fwp%2Fv2%2Fcategories&post=4753"},{"taxonomy":"post_tag","embeddable":true,"href":"https:\/\/pp8.kluczbork.pl\/index.php?rest_route=%2Fwp%2Fv2%2Ftags&post=4753"}],"curies":[{"name":"wp","href":"https:\/\/api.w.org\/{rel}","templated":true}]}}