{"id":4729,"date":"2024-01-05T13:30:17","date_gmt":"2024-01-05T13:30:17","guid":{"rendered":"https:\/\/pp8.kluczbork.pl\/?p=4729"},"modified":"2024-03-18T13:04:32","modified_gmt":"2024-03-18T13:04:32","slug":"czy-wiemy-co-to-jest-powietrze","status":"publish","type":"post","link":"https:\/\/pp8.kluczbork.pl\/?p=4729","title":{"rendered":"Czy wiemy co to jest powietrze?"},"content":{"rendered":"<p style=\"font-weight: 400;\">Zaj\u0119cia z projektu przeprowadzono <strong>&nbsp;<\/strong>14.XII.2023r.<\/p>\n<p style=\"font-weight: 400;\">Tematem zaj\u0119cia by\u0142o <strong>\u201eCzy wiemy, co to jest powietrze?\u201d<\/strong><\/p>\n<p style=\"font-weight: 400;\"><strong>Cel og\u00f3lny:<\/strong><\/p>\n<ul>\n<li>wzbogacenie wiedzy dzieci na temat \u015brodowiska przyrodniczego;<\/li>\n<li>u\u015bwiadomienie zagro\u017ce\u0144 wynikaj\u0105cych z niew\u0142a\u015bciwego post\u0119powania wzgl\u0119dem przyrody;<\/li>\n<li>rozwijanie postawy tw\u00f3rczej, kreatywnej i badawczej.<\/li>\n<\/ul>\n<p style=\"font-weight: 400;\"><strong>Cele szczeg\u00f3\u0142owe:<\/strong><\/p>\n<p style=\"font-weight: 400;\">&#8211; okre\u015blanie w\u0142a\u015bciwo\u015bci powietrza na podstawie w\u0142asnych eksperyment\u00f3w;&nbsp;&nbsp;&nbsp;&nbsp;&nbsp;&nbsp;&nbsp;&nbsp;&nbsp;&nbsp;&nbsp;&nbsp;&nbsp;&nbsp;&nbsp;&nbsp;&nbsp;&nbsp;&nbsp;&nbsp;&nbsp;&nbsp;&nbsp;&nbsp;&nbsp;&nbsp;&nbsp;&nbsp;&nbsp;&nbsp;&nbsp;&nbsp;&nbsp;&nbsp;&nbsp;&nbsp;&nbsp;&nbsp;&nbsp;&nbsp;&nbsp;&nbsp;&nbsp;&nbsp;&nbsp;&nbsp;&nbsp;&nbsp;&nbsp;&nbsp;&nbsp;&nbsp;&nbsp;&nbsp;&nbsp;&nbsp;&nbsp;&nbsp;&nbsp;&nbsp;&nbsp;&nbsp;&nbsp;&nbsp;&nbsp;&nbsp;&nbsp;&nbsp;&nbsp;&nbsp;&nbsp;&nbsp;&nbsp;&nbsp;&nbsp;&nbsp;&nbsp;&nbsp;&nbsp;&nbsp;&nbsp;&nbsp;&nbsp;&nbsp;&nbsp;&nbsp;&nbsp;&nbsp;&nbsp;&nbsp;&nbsp; &#8211; nazywanie przyczyn powstawania dymu i smogu:<br \/>\n&nbsp; &#8211; okre\u015blanie sposob\u00f3w zapobiegania zanieczyszczeniom powietrza;<br \/>\n&nbsp;&#8211; nazywanie r\u00f3\u017cnic mi\u0119dzy powietrzem czystym a smogiem;<br \/>\n&nbsp;&#8211; u\u015bwiadamianie dzieciom&nbsp; roli czystego powietrza dla zdrowia i \u017cycia ludzi, zwierz\u0105t i ro\u015blin;&nbsp;&nbsp;&nbsp;&nbsp;&nbsp;&nbsp;&nbsp;&nbsp;&nbsp;&nbsp;&nbsp;&nbsp;&nbsp;&nbsp;&nbsp;&nbsp;&nbsp;&nbsp;&nbsp;&nbsp;&nbsp;&nbsp;&nbsp;&nbsp;&nbsp;&nbsp;&nbsp;&nbsp;&nbsp;&nbsp;&nbsp;&nbsp;&nbsp;&nbsp;&nbsp;&nbsp;&nbsp;&nbsp;&nbsp;&nbsp;&nbsp;&nbsp;&nbsp;&nbsp;&nbsp;&nbsp;&nbsp;&nbsp;&nbsp;&nbsp;&nbsp;&nbsp;&nbsp;&nbsp;&nbsp;&nbsp;&nbsp;&nbsp;&nbsp;&nbsp;&nbsp;&nbsp;&nbsp;&nbsp;&nbsp;&nbsp;&nbsp;&nbsp;&nbsp;&nbsp;&nbsp;&nbsp;&nbsp;&nbsp;&nbsp;&nbsp;&nbsp;&nbsp;&nbsp;&nbsp;&nbsp;&nbsp;&nbsp;&nbsp;&nbsp;&nbsp;&nbsp;&nbsp;&nbsp;&nbsp;&nbsp;&nbsp;&nbsp;&nbsp;&nbsp;&nbsp;&nbsp;&nbsp;&nbsp;&nbsp;&nbsp;&nbsp;&nbsp;&nbsp;&nbsp;&nbsp;&nbsp;&nbsp;&nbsp;&nbsp;&nbsp;&nbsp;&nbsp;&nbsp;&nbsp;&nbsp;&nbsp;&nbsp;&nbsp;&nbsp;&nbsp;&nbsp;&nbsp;&nbsp;&nbsp;&nbsp;&nbsp;&nbsp;&nbsp;&nbsp;&nbsp;&nbsp;&nbsp;&nbsp;&nbsp;&nbsp;&nbsp;&nbsp;&nbsp;&nbsp;&nbsp;&nbsp;&nbsp; &#8211; rozwijanie umiej\u0119tno\u015bci logicznego my\u015blenia, kojarzenia i wyci\u0105gania odpowiednich wniosk\u00f3w z do\u015bwiadcze\u0144.<\/p>\n<p style=\"font-weight: 400;\"><strong>Cele operacyjne dziecko:<\/strong><\/p>\n<ul>\n<li>rozumie do czego s\u0142u\u017cy powietrze oraz zna jego w\u0142a\u015bciwo\u015bci;<\/li>\n<li>wyja\u015bnia czym jest powietrze;<\/li>\n<li>wymienia zagro\u017cenia jakie stwarza dla powietrza cz\u0142owiek;<\/li>\n<li>rozumie, \u017ce czyste powietrze s\u0142u\u017cy zdrowiu;<\/li>\n<li>podaje \u017ar\u00f3d\u0142a i skutki zanieczyszczenia powietrza (smog);<\/li>\n<li>wypowiada si\u0119 na okre\u015blony temat;<\/li>\n<li>u\u017cywa poprawnych form fleksyjnych w wypowiedziach;<br \/>\n&#8211; czerpie rado\u015b\u0107 z uczestnictwa w zabawie.<\/li>\n<\/ul>\n<p style=\"font-weight: 400;\">&nbsp;&nbsp;&nbsp;&nbsp;&nbsp;&nbsp;&nbsp;&nbsp;&nbsp;&nbsp; &#8222;Co to jest powietrze?&#8221; &#8211; za zaj\u0119ciu dzieci szuka\u0142y <b>dowod\u00f3w<\/b> na <b>istnienie powietrza<\/b><b>. D<\/b>owiedzia\u0142y si\u0119 co to jest powietrze, jaki ma kolor, czy ma zapach, czy powietrze ma jaki\u015b smak? Do tego celu przeprowadzili\u015bmy do\u015bwiadczenia z balonikami, pi\u00f3rkami, \u017cagielkami. Obejrzeli\u015bmy film edukacyjny&nbsp; pt. &#8222;Co to jest powietrze?&#8221;.&nbsp; A z kolejnego do\u015bwiadczenia ze s\u0142oikiem i gazetami dowiedzieli\u015bmy si\u0119, \u017ce powietrze mo\u017cna zabrudzi\u0107, co jest powodem tego stanu i jak temu mo\u017cna zaradzi\u0107. Przez ca\u0142y czas dzielnie towarzyszy\u0142a nam pacynka Mi\u015b Smogu\u015b.<\/p>\n<p style=\"font-weight: 400;\"><b>Doszli\u015bmy do wniosku, \u017ce p<\/b><em>owietrze otacza ca\u0142\u0105 kul\u0119 ziemsk\u0105. Konieczne jest do \u017cycia ludziom, zwierz\u0119tom i ro\u015blinom. &nbsp;Powietrza nie wida\u0107, ale gdy jest zanieczyszczone trudno nam si\u0119 oddycha, chorujemy. Dlatego wa\u017cne jest dla nas, aby o powietrze dba\u0107.<\/em><\/p>\n<p style=\"font-weight: 400;\">Na&nbsp;zako\u0144czenie zaj\u0119cia ka\u017cde dziecko otrzyma\u0142o odznak\u0119 &#8222;Ma\u0142y ekolog&#8221; oraz zrobili\u015bmy wsp\u00f3lne zdj\u0119cie z napisem &#8222;My przedszkolaki o czyste powietrze dbamy&#8221;.<\/p>\n<p style=\"font-weight: 400;\">Nauczycielka: Violetta Marcinkowska<\/p>\n<p style=\"font-weight: 400;\"><a href=\"https:\/\/flic.kr\/s\/aHBqjB9dEb\">ZDJ\u0118CIA<\/a><\/p>\n<p>Zaj\u0119cie II &#8211; <a href=\"https:\/\/www.flickr.com\/photos\/197941864@N07\/albums\/72177720315512830\/\">Zdj\u0119cia<\/a><\/p>\n","protected":false},"excerpt":{"rendered":"<p>Zaj\u0119cia z projektu przeprowadzono &nbsp;14.XII.2023r. Tematem zaj\u0119cia by\u0142o \u201eCzy wiemy, co to jest powietrze?\u201d Cel og\u00f3lny: wzbogacenie wiedzy dzieci na temat \u015brodowiska przyrodniczego; u\u015bwiadomienie zagro\u017ce\u0144 wynikaj\u0105cych z niew\u0142a\u015bciwego post\u0119powania wzgl\u0119dem przyrody; rozwijanie postawy tw\u00f3rczej, kreatywnej i badawczej. Cele szczeg\u00f3\u0142owe: &#8211; okre\u015blanie w\u0142a\u015bciwo\u015bci powietrza na podstawie w\u0142asnych eksperyment\u00f3w;&nbsp;&nbsp;&nbsp;&nbsp;&nbsp;&nbsp;&nbsp;&nbsp;&nbsp;&nbsp;&nbsp;&nbsp;&nbsp;&nbsp;&nbsp;&nbsp;&nbsp;&nbsp;&nbsp;&nbsp;&nbsp;&nbsp;&nbsp;&nbsp;&nbsp;&nbsp;&nbsp;&nbsp;&nbsp;&nbsp;&nbsp;&nbsp;&nbsp;&nbsp;&nbsp;&nbsp;&nbsp;&nbsp;&nbsp;&nbsp;&nbsp;&nbsp;&nbsp;&nbsp;&nbsp;&nbsp;&nbsp;&nbsp;&nbsp;&nbsp;&nbsp;&nbsp;&nbsp;&nbsp;&nbsp;&nbsp;&nbsp;&nbsp;&nbsp;&nbsp;&nbsp;&nbsp;&nbsp;&nbsp;&nbsp;&nbsp;&nbsp;&nbsp;&nbsp;&nbsp;&nbsp;&nbsp;&nbsp;&nbsp;&nbsp;&nbsp;&nbsp;&nbsp;&nbsp;&nbsp;&nbsp;&nbsp;&nbsp;&nbsp;&nbsp;&nbsp;&nbsp;&nbsp;&nbsp;&nbsp;&nbsp; &#8211; nazywanie przyczyn [&hellip;]<\/p>\n","protected":false},"author":16,"featured_media":0,"comment_status":"open","ping_status":"open","sticky":false,"template":"","format":"standard","meta":{"ngg_post_thumbnail":0,"footnotes":""},"categories":[280],"tags":[],"_links":{"self":[{"href":"https:\/\/pp8.kluczbork.pl\/index.php?rest_route=\/wp\/v2\/posts\/4729"}],"collection":[{"href":"https:\/\/pp8.kluczbork.pl\/index.php?rest_route=\/wp\/v2\/posts"}],"about":[{"href":"https:\/\/pp8.kluczbork.pl\/index.php?rest_route=\/wp\/v2\/types\/post"}],"author":[{"embeddable":true,"href":"https:\/\/pp8.kluczbork.pl\/index.php?rest_route=\/wp\/v2\/users\/16"}],"replies":[{"embeddable":true,"href":"https:\/\/pp8.kluczbork.pl\/index.php?rest_route=%2Fwp%2Fv2%2Fcomments&post=4729"}],"version-history":[{"count":3,"href":"https:\/\/pp8.kluczbork.pl\/index.php?rest_route=\/wp\/v2\/posts\/4729\/revisions"}],"predecessor-version":[{"id":4825,"href":"https:\/\/pp8.kluczbork.pl\/index.php?rest_route=\/wp\/v2\/posts\/4729\/revisions\/4825"}],"wp:attachment":[{"href":"https:\/\/pp8.kluczbork.pl\/index.php?rest_route=%2Fwp%2Fv2%2Fmedia&parent=4729"}],"wp:term":[{"taxonomy":"category","embeddable":true,"href":"https:\/\/pp8.kluczbork.pl\/index.php?rest_route=%2Fwp%2Fv2%2Fcategories&post=4729"},{"taxonomy":"post_tag","embeddable":true,"href":"https:\/\/pp8.kluczbork.pl\/index.php?rest_route=%2Fwp%2Fv2%2Ftags&post=4729"}],"curies":[{"name":"wp","href":"https:\/\/api.w.org\/{rel}","templated":true}]}}