{"id":4706,"date":"2024-01-04T10:10:49","date_gmt":"2024-01-04T10:10:49","guid":{"rendered":"https:\/\/pp8.kluczbork.pl\/?p=4706"},"modified":"2024-03-18T12:59:40","modified_gmt":"2024-03-18T12:59:40","slug":"kampania-ekologiczna","status":"publish","type":"post","link":"https:\/\/pp8.kluczbork.pl\/?p=4706","title":{"rendered":"Kampania ekologiczna"},"content":{"rendered":"<p align=\"justify\"><span style=\"color: #800000;\"><img loading=\"lazy\" decoding=\"async\" class=\" wp-image-4700 aligncenter\" src=\"https:\/\/pp8.kluczbork.pl\/wp-content\/uploads\/2024\/01\/kampania-ekologiczna-300x64.png\" alt=\"\" width=\"745\" height=\"159\" srcset=\"https:\/\/pp8.kluczbork.pl\/wp-content\/uploads\/2024\/01\/kampania-ekologiczna-300x64.png 300w, https:\/\/pp8.kluczbork.pl\/wp-content\/uploads\/2024\/01\/kampania-ekologiczna.png 722w\" sizes=\"(max-width: 745px) 100vw, 745px\" \/><\/span><\/p>\n<p align=\"justify\"><span style=\"color: #800000;\"><span style=\"font-family: Times New Roman, serif;\"><span style=\"font-size: medium;\">Projekt <\/span><\/span><span style=\"font-family: 'Times New Roman', serif;\"><span style=\"font-size: medium;\"><b>\u201eKampania ekologiczna na rzecz przeciwdzia\u0142ania emisjom w Gminie Kluczbork<\/b><\/span><\/span><span style=\"font-family: Times New Roman, serif;\"><span style=\"font-size: medium;\">\u201d realizowany jest ze \u015brodk\u00f3w Narodowego Funduszu Ochrony \u015arodowiska<br \/>\ni Gospodarki Wodnej i Wojew\u00f3dzkiego Funduszu Ochrony \u015arodowiska I Gospodarki Wodnej w Opolu. Celem przedsi\u0119wzi\u0119cia jest podniesienie poziomu \u015bwiadomo\u015bci ekologicznej, upowszechnienie wiedzy, aktywizacja spo\u0142eczna, budowanie spo\u0142ecze\u0144stwa obywatelskiego i&nbsp;kszta\u0142towanie postaw proekologicznych w\u015br\u00f3d dzieci i&nbsp;m\u0142odzie\u017cy przedszkoli i&nbsp;szk\u00f3\u0142 podstawowych, dla kt\u00f3rych organem prowadz\u0105cym jest Gmina Kluczbork.<\/span><\/span><\/span><\/p>\n<p align=\"justify\"><span style=\"font-family: 'Times New Roman', serif; color: #800000;\"><span style=\"font-size: medium;\">Ca\u0142kowita warto\u015b\u0107 wydatk\u00f3w zwi\u0105zanych z&nbsp;realizacj\u0105 Zadania wynosi 164&nbsp;137,00&nbsp;z\u0142otych.<br \/>\nDofinasowanie w&nbsp;formie dotacji wyniesie 147&nbsp;722,00&nbsp;z\u0142otych celem realizacji zadania.<br \/>\n\u015arodki w\u0142asne w&nbsp;kwocie 16&nbsp;415,00&nbsp;z\u0142otych zostan\u0105 przeznaczone na ww. zadanie.<br \/>\nTermin zako\u0144czenia zadania okre\u015bla si\u0119 do dnia 31 grudnia 2024r.<\/span><\/span><\/p>\n<p align=\"justify\"><span style=\"font-family: 'Times New Roman', serif; color: #800000;\"><span style=\"font-size: medium;\">W ramach projektu zaplanowano:<\/span><\/span><\/p>\n<ol>\n<li>\n<p align=\"justify\"><span style=\"font-family: 'Times New Roman', serif; color: #800000;\"><span style=\"font-size: medium;\">Warsztaty edukacyjno-informacyjne dla dzieci i m\u0142odzie\u017cy dla dzieci i m\u0142odzie\u017cy<br \/>\npublicznych przedszkoli (grupy 6-latk\u00f3w) i szk\u00f3\u0142 podstawowych (klasy 1-8);<\/span><\/span><\/p>\n<\/li>\n<li>\n<p align=\"justify\"><span style=\"font-family: 'Times New Roman', serif; color: #800000;\"><span style=\"font-size: medium;\">Konkurs ekologiczny pn.\u201dM\u0142odzi reporterzy na rzecz poprawy jako\u015bci powietrza\u201d<br \/>\nw dw\u00f3ch grupach wiekowych: klasy 1-3, klasy 4-8.<\/span><\/span><\/p>\n<\/li>\n<li>\n<p align=\"justify\"><span style=\"font-family: 'Times New Roman', serif; color: #800000;\"><span style=\"font-size: medium;\">Zakup oczyszczaczy powietrza do jednostek o\u015bwiatowych;<\/span><\/span><\/p>\n<\/li>\n<li>\n<p align=\"justify\"><span style=\"font-family: 'Times New Roman', serif; color: #800000;\"><span style=\"font-size: medium;\">Kampania edukacyjno- informacyjna w internetowych kana\u0142ach komunikacji.<\/span><\/span><\/p>\n<\/li>\n<\/ol>\n<p align=\"justify\"><span style=\"font-family: 'Times New Roman', serif; color: #800000;\"><span style=\"font-size: medium;\">Uwzgl\u0119dniaj\u0105c rozpoznawane wymagania i potrzeby oraz mo\u017cliwo\u015bci dotarcia wy\u0142oniono 3 grupy odbiorc\u00f3w:<br \/>\ndzieci przedszkolne, dzieci w wieku szkolnym oraz doro\u015bli mieszka\u0144cy.<\/span><\/span><\/p>\n<p align=\"justify\"><span style=\"font-family: 'Times New Roman', serif; color: #800000;\"><span style=\"font-size: medium;\">Kampania ekologiczna na rzecz przeciwdzia\u0142ania emisjom w Gminie Kluczbork jest kontynuacj\u0105<br \/>\ndzia\u0142a\u0144 na rzecz edukacji mieszka\u0144c\u00f3w w zakresie ochrony powietrza realizowanych dotychczas<br \/>\nprzez Gmin\u0119 oraz podleg\u0142e jednostki organizacyjne.<\/span><\/span><\/p>\n<p align=\"justify\"><span style=\"color: #800000;\">Administracja O\u015bwiaty w Kluczborku<\/span><\/p>\n<p><span style=\"color: #800000;\"><img loading=\"lazy\" decoding=\"async\" class=\" wp-image-4700 aligncenter\" src=\"https:\/\/pp8.kluczbork.pl\/wp-content\/uploads\/2024\/01\/kampania-ekologiczna-300x64.png\" alt=\"\" width=\"582\" height=\"124\" srcset=\"https:\/\/pp8.kluczbork.pl\/wp-content\/uploads\/2024\/01\/kampania-ekologiczna-300x64.png 300w, https:\/\/pp8.kluczbork.pl\/wp-content\/uploads\/2024\/01\/kampania-ekologiczna.png 722w\" sizes=\"(max-width: 582px) 100vw, 582px\" \/><\/span><\/p>\n<p><strong><span style=\"color: #800000;\">Zaj\u0119cie I.<\/span><\/strong><\/p>\n<p style=\"font-weight: 400;\"><span style=\"color: #800000;\">Zaj\u0119cia z projektu przeprowadzono <strong>&nbsp;<\/strong>14.XII.2023r.<\/span><\/p>\n<p style=\"font-weight: 400;\"><span style=\"color: #800000;\">Tematem zaj\u0119cia by\u0142o <strong>\u201eCzy wiemy co to jest powietrze?\u201d<\/strong><\/span><\/p>\n<p style=\"font-weight: 400;\"><span style=\"color: #800000;\"><strong>Cel og\u00f3lny:<\/strong><\/span><\/p>\n<ul>\n<li><span style=\"color: #800000;\">wzbogacenie wiedzy dzieci na temat \u015brodowiska przyrodniczego;<\/span><\/li>\n<li><span style=\"color: #800000;\">u\u015bwiadomienie zagro\u017ce\u0144 wynikaj\u0105cych z niew\u0142a\u015bciwego post\u0119powania wzgl\u0119dem przyrody;<\/span><\/li>\n<li><span style=\"color: #800000;\">rozwijanie postawy tw\u00f3rczej, kreatywnej i badawczej.<\/span><\/li>\n<\/ul>\n<p style=\"font-weight: 400;\"><span style=\"color: #800000;\"><strong>Cele szczeg\u00f3\u0142owe:<\/strong><\/span><\/p>\n<p style=\"font-weight: 400;\"><span style=\"color: #800000;\">&#8211; okre\u015blanie w\u0142a\u015bciwo\u015bci powietrza na podstawie w\u0142asnych eksperyment\u00f3w;&nbsp;&nbsp;&nbsp;&nbsp;&nbsp;&nbsp;&nbsp;&nbsp;&nbsp;&nbsp;&nbsp;&nbsp;&nbsp;&nbsp;&nbsp;&nbsp;&nbsp;&nbsp;&nbsp;&nbsp;&nbsp;&nbsp;&nbsp;&nbsp;&nbsp;&nbsp;&nbsp;&nbsp;&nbsp;&nbsp;&nbsp;&nbsp;&nbsp;&nbsp;&nbsp;&nbsp;&nbsp;&nbsp;&nbsp;&nbsp;&nbsp;&nbsp;&nbsp;&nbsp;&nbsp;&nbsp;&nbsp;&nbsp;&nbsp;&nbsp;&nbsp;&nbsp;&nbsp;&nbsp;&nbsp;&nbsp;&nbsp;&nbsp;&nbsp;&nbsp;&nbsp;&nbsp;&nbsp;&nbsp;&nbsp;&nbsp;&nbsp;&nbsp;&nbsp;&nbsp;&nbsp;&nbsp;&nbsp;&nbsp;&nbsp;&nbsp;&nbsp;&nbsp;&nbsp;&nbsp;&nbsp;&nbsp;&nbsp;&nbsp;&nbsp;&nbsp;&nbsp;&nbsp;&nbsp;&nbsp;&nbsp; &#8211; nazywanie przyczyn powstawania dymu i smogu;<\/span><br \/>\n<span style=\"color: #800000;\"> &#8211; okre\u015blanie sposob\u00f3w zapobiegania zanieczyszczeniom powietrza; <\/span><br \/>\n<span style=\"color: #800000;\">&#8211; nazywanie r\u00f3\u017cnic mi\u0119dzy powietrzem czystym a smogiem; <\/span><br \/>\n<span style=\"color: #800000;\">&#8211; u\u015bwiadamianie dzieciom&nbsp; roli czystego powietrza dla zdrowia i \u017cycia ludzi, zwierz\u0105t i ro\u015blin;&nbsp;&nbsp;&nbsp;&nbsp;&nbsp;&nbsp;&nbsp;&nbsp;&nbsp;&nbsp;&nbsp;&nbsp;&nbsp;&nbsp;&nbsp;&nbsp;&nbsp;&nbsp;&nbsp;&nbsp;&nbsp;&nbsp;&nbsp;&nbsp;&nbsp;&nbsp;&nbsp;&nbsp;&nbsp;&nbsp;&nbsp;&nbsp;&nbsp;&nbsp;&nbsp;&nbsp;&nbsp;&nbsp;&nbsp;&nbsp;&nbsp;&nbsp;&nbsp;&nbsp;&nbsp;&nbsp;&nbsp;&nbsp;&nbsp;&nbsp;&nbsp;&nbsp;&nbsp;&nbsp;&nbsp;&nbsp;&nbsp;&nbsp;&nbsp;&nbsp;&nbsp;&nbsp;&nbsp;&nbsp;&nbsp;&nbsp;&nbsp;&nbsp;&nbsp;&nbsp;&nbsp;&nbsp;&nbsp;&nbsp;&nbsp;&nbsp;&nbsp;&nbsp;&nbsp;&nbsp;&nbsp;&nbsp;&nbsp;&nbsp;&nbsp;&nbsp;&nbsp;&nbsp;&nbsp;&nbsp;&nbsp;&nbsp;&nbsp;&nbsp;&nbsp;&nbsp;&nbsp;&nbsp;&nbsp;&nbsp;&nbsp;&nbsp;&nbsp;&nbsp;&nbsp;&nbsp;&nbsp;&nbsp;&nbsp;&nbsp;&nbsp;&nbsp;&nbsp;&nbsp;&nbsp;&nbsp;&nbsp;&nbsp;&nbsp;&nbsp;&nbsp;&nbsp;&nbsp;&nbsp;&nbsp;&nbsp;&nbsp;&nbsp;&nbsp;&nbsp;&nbsp;&nbsp;&nbsp;&nbsp;&nbsp;&nbsp;&nbsp;&nbsp;&nbsp;&nbsp;&nbsp;&nbsp;&nbsp; &#8211; rozwijanie umiej\u0119tno\u015bci logicznego my\u015blenia, kojarzenia i wyci\u0105gania odpowiednich wniosk\u00f3w z do\u015bwiadcze\u0144.<\/span><\/p>\n<p style=\"font-weight: 400;\"><span style=\"color: #800000;\"><strong>Cele operacyjne dziecko:<\/strong><\/span><\/p>\n<ul>\n<li><span style=\"color: #800000;\">rozumie do czego s\u0142u\u017cy powietrze oraz zna jego w\u0142a\u015bciwo\u015bci;<\/span><\/li>\n<li><span style=\"color: #800000;\">wyja\u015bnia czym jest powietrze;<\/span><\/li>\n<li><span style=\"color: #800000;\">wymienia zagro\u017cenia jakie stwarza dla powietrza cz\u0142owiek;<\/span><\/li>\n<li><span style=\"color: #800000;\">rozumie, \u017ce czyste powietrze s\u0142u\u017cy zdrowiu;<\/span><\/li>\n<li><span style=\"color: #800000;\">podaje \u017ar\u00f3d\u0142a i skutki zanieczyszczenia powietrza (smog);<\/span><\/li>\n<li><span style=\"color: #800000;\">wypowiada si\u0119 na okre\u015blony temat;<\/span><\/li>\n<li><span style=\"color: #800000;\">u\u017cywa poprawnych form fleksyjnych w wypowiedziach;<\/span><br \/>\n<span style=\"color: #800000;\">&#8211; czerpie rado\u015b\u0107 z uczestnictwa w zabawie.<\/span><\/li>\n<\/ul>\n<p style=\"font-weight: 400;\"><span style=\"color: #800000;\">&nbsp;&nbsp;&nbsp;&nbsp;&nbsp;&nbsp; &nbsp;&nbsp;&nbsp;&nbsp;&#8222;Co to jest powietrze?&#8221; &#8211; za zaj\u0119ciu dzieci szuka\u0142y dowod\u00f3w na istnienie powietrza. Dowiedzia\u0142y si\u0119 co to jest powietrze, jaki ma kolor, czy ma zapach, czy powietrze ma jaki\u015b smak? Do tego celu przeprowadzili\u015bmy do\u015bwiadczenia z balonikami, pi\u00f3rkami, \u017cagielkami. Obejrzeli\u015bmy film edukacyjny &nbsp;pt. &#8222;Co to jest powietrze?&#8221;. &nbsp;A z kolejnego do\u015bwiadczenia ze s\u0142oikiem i gazetami dowiedzieli\u015bmy si\u0119, \u017ce powietrze mo\u017cna zabrudzi\u0107, co jest powodem tego stanu i jak temu mo\u017cna zaradzi\u0107. Przez ca\u0142y czas dzielnie towarzyszy\u0142a nam pacynka <strong>Mi\u015b Smogu\u015b.<\/strong><\/span><\/p>\n<p style=\"font-weight: 400;\"><span style=\"color: #ff0000;\"><em><strong>Doszli\u015bmy do wniosku, \u017ce powietrze otacza ca\u0142\u0105 kul\u0119 ziemsk\u0105. Konieczne jest do \u017cycia ludziom, zwierz\u0119tom i ro\u015blinom. &nbsp;Powietrza nie wida\u0107, ale gdy jest zanieczyszczone trudno nam si\u0119 oddycha, chorujemy. Dlatego wa\u017cne jest dla nas, aby o powietrze dba\u0107.<\/strong><\/em><\/span><\/p>\n<p style=\"font-weight: 400;\"><span style=\"color: #800000;\">Na&nbsp;zako\u0144czenie zaj\u0119cia ka\u017cde dziecko otrzyma\u0142o odznak\u0119 &#8222;Ma\u0142y ekolog&#8221; oraz zrobili\u015bmy wsp\u00f3lne zdj\u0119cie z napisem &#8222;My przedszkolaki o czyste powietrze dbamy&#8221;.<\/span><\/p>\n<p style=\"font-weight: 400;\"><span style=\"color: #800000;\">Nauczycielka: Violetta Marcinkowska<\/span><\/p>\n<p>&nbsp; &nbsp; &nbsp;<a href=\"https:\/\/flic.kr\/s\/aHBqjB9dEb\">ZDJ\u0118CIA<\/a><\/p>\n<p style=\"font-weight: 400;\"><a href=\"https:\/\/pp8.kluczbork.pl\/?p=4808\"><span style=\"color: #ff0000;\"><strong>ZAJ\u0118CIE II<\/strong><\/span><\/a><\/p>\n<p><a href=\"https:\/\/www.flickr.com\/photos\/197941864@N07\/albums\/72177720315512830\/\">Galeria zdj\u0119\u0107<\/a><\/p>\n<p>&nbsp;<\/p>\n","protected":false},"excerpt":{"rendered":"<p>Projekt \u201eKampania ekologiczna na rzecz przeciwdzia\u0142ania emisjom w Gminie Kluczbork\u201d realizowany jest ze \u015brodk\u00f3w Narodowego Funduszu Ochrony \u015arodowiska i Gospodarki Wodnej i Wojew\u00f3dzkiego Funduszu Ochrony \u015arodowiska I Gospodarki Wodnej w Opolu. Celem przedsi\u0119wzi\u0119cia jest podniesienie poziomu \u015bwiadomo\u015bci ekologicznej, upowszechnienie wiedzy, aktywizacja spo\u0142eczna, budowanie spo\u0142ecze\u0144stwa obywatelskiego i&nbsp;kszta\u0142towanie postaw proekologicznych w\u015br\u00f3d dzieci [&hellip;]<\/p>\n","protected":false},"author":15,"featured_media":4707,"comment_status":"open","ping_status":"open","sticky":false,"template":"","format":"standard","meta":{"ngg_post_thumbnail":0,"footnotes":""},"categories":[280,1],"tags":[],"_links":{"self":[{"href":"https:\/\/pp8.kluczbork.pl\/index.php?rest_route=\/wp\/v2\/posts\/4706"}],"collection":[{"href":"https:\/\/pp8.kluczbork.pl\/index.php?rest_route=\/wp\/v2\/posts"}],"about":[{"href":"https:\/\/pp8.kluczbork.pl\/index.php?rest_route=\/wp\/v2\/types\/post"}],"author":[{"embeddable":true,"href":"https:\/\/pp8.kluczbork.pl\/index.php?rest_route=\/wp\/v2\/users\/15"}],"replies":[{"embeddable":true,"href":"https:\/\/pp8.kluczbork.pl\/index.php?rest_route=%2Fwp%2Fv2%2Fcomments&post=4706"}],"version-history":[{"count":8,"href":"https:\/\/pp8.kluczbork.pl\/index.php?rest_route=\/wp\/v2\/posts\/4706\/revisions"}],"predecessor-version":[{"id":4820,"href":"https:\/\/pp8.kluczbork.pl\/index.php?rest_route=\/wp\/v2\/posts\/4706\/revisions\/4820"}],"wp:featuredmedia":[{"embeddable":true,"href":"https:\/\/pp8.kluczbork.pl\/index.php?rest_route=\/wp\/v2\/media\/4707"}],"wp:attachment":[{"href":"https:\/\/pp8.kluczbork.pl\/index.php?rest_route=%2Fwp%2Fv2%2Fmedia&parent=4706"}],"wp:term":[{"taxonomy":"category","embeddable":true,"href":"https:\/\/pp8.kluczbork.pl\/index.php?rest_route=%2Fwp%2Fv2%2Fcategories&post=4706"},{"taxonomy":"post_tag","embeddable":true,"href":"https:\/\/pp8.kluczbork.pl\/index.php?rest_route=%2Fwp%2Fv2%2Ftags&post=4706"}],"curies":[{"name":"wp","href":"https:\/\/api.w.org\/{rel}","templated":true}]}}