{"id":4666,"date":"2023-12-07T17:02:15","date_gmt":"2023-12-07T17:02:15","guid":{"rendered":"https:\/\/pp8.kluczbork.pl\/?p=4666"},"modified":"2023-12-07T17:02:15","modified_gmt":"2023-12-07T17:02:15","slug":"odwiedzil-nas-mikolaj","status":"publish","type":"post","link":"https:\/\/pp8.kluczbork.pl\/?p=4666","title":{"rendered":"Odwiedzi\u0142 nas Miko\u0142aj"},"content":{"rendered":"<p style=\"text-align: center\">6 grudnia w naszym przedszkolu pojawi\u0142 si\u0119 d\u0142ugo oczekiwany go\u015b\u0107 &#8211;\u00a0 \u015aw. Miko\u0142aj.<\/p>\n<p style=\"text-align: center\">Spotkanie z Miko\u0142ajem min\u0119\u0142o\u00a0 w bardzo mi\u0142ej atmosferze<\/p>\n<p style=\"text-align: center\">i przynios\u0142o dzieciom wiele rado\u015bci.<\/p>\n<p style=\"text-align: center\">\u015aw. Miko\u0142aj obdarowa\u0142 wszystkie dzieci prezentami.<\/p>\n<p style=\"text-align: center\">Cieszymy si\u0119, \u017ce \u00a0\u015aw. Miko\u0142aj o nas pami\u0119ta\u0142 i czekamy na jego wizyt\u0119 w przysz\u0142ym roku.<\/p>\n<p>&nbsp;<\/p>\n<p><a href=\"https:\/\/flic.kr\/s\/aHBqjB67Hj\">Galeria zdj\u0119\u0107<\/a><\/p>\n","protected":false},"excerpt":{"rendered":"<p>6 grudnia w naszym przedszkolu pojawi\u0142 si\u0119 d\u0142ugo oczekiwany go\u015b\u0107 &#8211;\u00a0 \u015aw. Miko\u0142aj. Spotkanie z Miko\u0142ajem min\u0119\u0142o\u00a0 w bardzo mi\u0142ej atmosferze i przynios\u0142o dzieciom wiele rado\u015bci. \u015aw. Miko\u0142aj obdarowa\u0142 wszystkie dzieci prezentami. Cieszymy si\u0119, \u017ce \u00a0\u015aw. Miko\u0142aj o nas pami\u0119ta\u0142 i czekamy na jego wizyt\u0119 w przysz\u0142ym roku. &nbsp; Galeria [&hellip;]<\/p>\n","protected":false},"author":4,"featured_media":4667,"comment_status":"open","ping_status":"open","sticky":false,"template":"","format":"standard","meta":{"ngg_post_thumbnail":0,"footnotes":""},"categories":[31],"tags":[],"_links":{"self":[{"href":"https:\/\/pp8.kluczbork.pl\/index.php?rest_route=\/wp\/v2\/posts\/4666"}],"collection":[{"href":"https:\/\/pp8.kluczbork.pl\/index.php?rest_route=\/wp\/v2\/posts"}],"about":[{"href":"https:\/\/pp8.kluczbork.pl\/index.php?rest_route=\/wp\/v2\/types\/post"}],"author":[{"embeddable":true,"href":"https:\/\/pp8.kluczbork.pl\/index.php?rest_route=\/wp\/v2\/users\/4"}],"replies":[{"embeddable":true,"href":"https:\/\/pp8.kluczbork.pl\/index.php?rest_route=%2Fwp%2Fv2%2Fcomments&post=4666"}],"version-history":[{"count":1,"href":"https:\/\/pp8.kluczbork.pl\/index.php?rest_route=\/wp\/v2\/posts\/4666\/revisions"}],"predecessor-version":[{"id":4668,"href":"https:\/\/pp8.kluczbork.pl\/index.php?rest_route=\/wp\/v2\/posts\/4666\/revisions\/4668"}],"wp:featuredmedia":[{"embeddable":true,"href":"https:\/\/pp8.kluczbork.pl\/index.php?rest_route=\/wp\/v2\/media\/4667"}],"wp:attachment":[{"href":"https:\/\/pp8.kluczbork.pl\/index.php?rest_route=%2Fwp%2Fv2%2Fmedia&parent=4666"}],"wp:term":[{"taxonomy":"category","embeddable":true,"href":"https:\/\/pp8.kluczbork.pl\/index.php?rest_route=%2Fwp%2Fv2%2Fcategories&post=4666"},{"taxonomy":"post_tag","embeddable":true,"href":"https:\/\/pp8.kluczbork.pl\/index.php?rest_route=%2Fwp%2Fv2%2Ftags&post=4666"}],"curies":[{"name":"wp","href":"https:\/\/api.w.org\/{rel}","templated":true}]}}