{"id":4630,"date":"2023-11-11T18:46:18","date_gmt":"2023-11-11T18:46:18","guid":{"rendered":"https:\/\/pp8.kluczbork.pl\/?p=4630"},"modified":"2023-11-11T18:46:18","modified_gmt":"2023-11-11T18:46:18","slug":"11-listopada-narodowe-swieto-niepodleglosci","status":"publish","type":"post","link":"https:\/\/pp8.kluczbork.pl\/?p=4630","title":{"rendered":"11 LISTOPADA NARODOWE \u015aWI\u0118TO NIEPODLEG\u0141O\u015aCI"},"content":{"rendered":"<p style=\"text-align: center\">11 listopada 1918 roku by\u0142 bardzo szcz\u0119\u015bliwym dniem dla wszystkich Polak\u00f3w.<\/p>\n<p style=\"text-align: center\">W\u0142a\u015bnie tego dnia po wielu latach niewoli,<\/p>\n<p style=\"text-align: center\">Polska odzyska\u0142a niepodleg\u0142o\u015b\u0107.<\/p>\n<p style=\"text-align: center\">Dlatego co roku 11 listopada obchodzimy nasze \u015bwi\u0119to narodowe &#8211; \u015aWI\u0118TO NIEPODLEG\u0141O\u015aCI<\/p>\n<p style=\"text-align: center\"><span style=\"color: #ff0000\">Kto ty jeste\u015b?<\/span><\/p>\n<p><span style=\"color: #ff0000\">\u00a0 \u00a0 \u00a0 \u00a0 \u00a0 \u00a0 \u00a0 \u00a0 \u00a0 \u00a0 \u00a0 \u00a0 \u00a0 \u00a0 \u00a0 \u00a0 \u00a0 \u00a0 \u00a0 \u00a0 \u00a0 \u00a0 \u00a0 \u00a0 \u00a0 \u00a0 \u00a0 \u00a0 \u00a0 \u00a0 \u00a0 \u00a0 \u00a0 \u00a0 \u00a0 \u00a0 \u00a0 \u00a0 \u00a0 \u00a0 \u00a0 \u00a0 \u00a0 \u00a0 \u00a0 \u00a0 \u00a0 \u00a0 \u00a0 \u00a0 \u00a0 \u00a0 \u00a0 \u00a0 \u00a0 \u00a0 \u00a0 \u00a0 \u00a0 Polak ma\u0142y<\/span><\/p>\n<p><span style=\"color: #000000\">W naszym przedszkolu w dniu 9 listopada obchodzili\u015bmy \u015awi\u0119to Niepodleg\u0142o\u015bci.<\/span><\/p>\n<p>Z tej okazji wszystkie dzieci wraz z rodzicami uroczy\u015bcie \u015bwi\u0119towali ten wyj\u0105tkowy dla Nas &#8211; Polak\u00f3w dzie\u0144.<\/p>\n<p><a href=\"https:\/\/flic.kr\/s\/aHBqjB2SAm\">Galeria zdj\u0119\u0107<\/a><\/p>\n","protected":false},"excerpt":{"rendered":"<p>11 listopada 1918 roku by\u0142 bardzo szcz\u0119\u015bliwym dniem dla wszystkich Polak\u00f3w. W\u0142a\u015bnie tego dnia po wielu latach niewoli, Polska odzyska\u0142a niepodleg\u0142o\u015b\u0107. Dlatego co roku 11 listopada obchodzimy nasze \u015bwi\u0119to narodowe &#8211; \u015aWI\u0118TO NIEPODLEG\u0141O\u015aCI Kto ty jeste\u015b? \u00a0 \u00a0 \u00a0 \u00a0 \u00a0 \u00a0 \u00a0 \u00a0 \u00a0 \u00a0 \u00a0 \u00a0 \u00a0 \u00a0 [&hellip;]<\/p>\n","protected":false},"author":4,"featured_media":3612,"comment_status":"open","ping_status":"open","sticky":false,"template":"","format":"standard","meta":{"ngg_post_thumbnail":0,"footnotes":""},"categories":[31],"tags":[],"_links":{"self":[{"href":"https:\/\/pp8.kluczbork.pl\/index.php?rest_route=\/wp\/v2\/posts\/4630"}],"collection":[{"href":"https:\/\/pp8.kluczbork.pl\/index.php?rest_route=\/wp\/v2\/posts"}],"about":[{"href":"https:\/\/pp8.kluczbork.pl\/index.php?rest_route=\/wp\/v2\/types\/post"}],"author":[{"embeddable":true,"href":"https:\/\/pp8.kluczbork.pl\/index.php?rest_route=\/wp\/v2\/users\/4"}],"replies":[{"embeddable":true,"href":"https:\/\/pp8.kluczbork.pl\/index.php?rest_route=%2Fwp%2Fv2%2Fcomments&post=4630"}],"version-history":[{"count":2,"href":"https:\/\/pp8.kluczbork.pl\/index.php?rest_route=\/wp\/v2\/posts\/4630\/revisions"}],"predecessor-version":[{"id":4632,"href":"https:\/\/pp8.kluczbork.pl\/index.php?rest_route=\/wp\/v2\/posts\/4630\/revisions\/4632"}],"wp:featuredmedia":[{"embeddable":true,"href":"https:\/\/pp8.kluczbork.pl\/index.php?rest_route=\/wp\/v2\/media\/3612"}],"wp:attachment":[{"href":"https:\/\/pp8.kluczbork.pl\/index.php?rest_route=%2Fwp%2Fv2%2Fmedia&parent=4630"}],"wp:term":[{"taxonomy":"category","embeddable":true,"href":"https:\/\/pp8.kluczbork.pl\/index.php?rest_route=%2Fwp%2Fv2%2Fcategories&post=4630"},{"taxonomy":"post_tag","embeddable":true,"href":"https:\/\/pp8.kluczbork.pl\/index.php?rest_route=%2Fwp%2Fv2%2Ftags&post=4630"}],"curies":[{"name":"wp","href":"https:\/\/api.w.org\/{rel}","templated":true}]}}